{"id":1004,"date":"2022-10-24T22:16:17","date_gmt":"2022-10-24T22:16:17","guid":{"rendered":"https:\/\/macaritravel.com\/blog\/?p=1004"},"modified":"2022-10-24T22:26:57","modified_gmt":"2022-10-24T22:26:57","slug":"franca-avisa-que-vai-alterar-sua-politica-de-fronteira-com-a-uniao-europeia","status":"publish","type":"post","link":"https:\/\/macaritravel.com\/blog\/franca-avisa-que-vai-alterar-sua-politica-de-fronteira-com-a-uniao-europeia\/","title":{"rendered":"Fran\u00e7a avisa que vai alterar sua politica de fronteira com a Uni\u00e3o Europ\u00e9ia"},"content":{"rendered":"\n<p>De acordo com o site da revista <a href=\"https:\/\/www.sabado.pt\/mundo\/detalhe\/franca-avisa-paises-da-ue-que-vai-fechar-fronteiras\" target=\"_blank\" rel=\"noreferrer noopener\">S\u00e1bado<\/a>, de <a href=\"https:\/\/macaritravel.com\/blog\/category\/europa\/portugal\/\" target=\"_blank\" rel=\"noreferrer noopener\">Portugal<\/a>, a Fran\u00e7a pretende <strong>suspender temporariamente o <a href=\"https:\/\/pt.wikipedia.org\/wiki\/Acordo_de_Schengen\" target=\"_blank\" rel=\"noreferrer noopener\">acordo de Schengen<\/a><\/strong>, que mant\u00e9m as fronteiras abertas <strong>dentro da Uni\u00e3o Europeia<\/strong>, de novembro deste ano at\u00e9 ao final de abril do pr\u00f3ximo ano (2023). O pa\u00eds vai reintroduzir os controles de fronteira devido a um alerta terrorista.<\/p>\n\n\n\n<p>A suspens\u00e3o do acordo de Schengen na Fran\u00e7a afeta todas as fronteiras: terrestres, mar\u00edtimas e a\u00e9reas.<\/p>\n\n\n\n<p>A decis\u00e3o do Presidente franc\u00eas Emmanuel Macron est\u00e1 relacionada n\u00e3o s\u00f3 com o <strong>intensificar da guerra<\/strong> entre R\u00fassia e Ucr\u00e2nia, mas tamb\u00e9m devido ao <strong>aumento de ilegais<\/strong>, a partir da regi\u00e3o dos Balc\u00e3s. A Fran\u00e7a est\u00e1 sendo usada por migrantes para entrarem no Reino Unido.<\/p>\n\n\n\n<p>Para visitantes provenientes de fora da Uni\u00e3o Europ\u00e9ia esta a\u00e7\u00e3o n\u00e3o provocar\u00e1 nenhum altera\u00e7\u00e3o no processo de controle de fronteiras que j\u00e1 existe atualmente.<\/p>\n\n\n","protected":false},"excerpt":{"rendered":"<p>De acordo com o site da revista S\u00e1bado, de Portugal, a Fran\u00e7a pretende suspender temporariamente o acordo de Schengen, que mant\u00e9m as fronteiras abertas dentro da Uni\u00e3o Europeia, de novembro deste ano at\u00e9 ao final de abril do pr\u00f3ximo ano (2023). O pa\u00eds vai reintroduzir os controles de fronteira devido a um alerta terrorista.<\/p>\n","protected":false},"author":1,"featured_media":1005,"comment_status":"open","ping_status":"closed","sticky":false,"template":"","format":"standard","meta":{"sfsi_plus_gutenberg_text_before_share":"","sfsi_plus_gutenberg_show_text_before_share":"","sfsi_plus_gutenberg_icon_type":"","sfsi_plus_gutenberg_icon_alignemt":"","sfsi_plus_gutenburg_max_per_row":"","episode_type":"","audio_file":"","podmotor_file_id":"","podmotor_episode_id":"","cover_image":"","cover_image_id":"","duration":"","filesize":"","filesize_raw":"","date_recorded":"","explicit":"","block":"","itunes_episode_number":"","itunes_title":"","itunes_season_number":"","itunes_episode_type":"","jetpack_post_was_ever_published":false,"_jetpack_newsletter_access":"","_jetpack_dont_email_post_to_subs":false,"_jetpack_newsletter_tier_id":0,"_jetpack_memberships_contains_paywalled_content":false,"_jetpack_memberships_contains_paid_content":false,"footnotes":"","jetpack_publicize_message":"","jetpack_publicize_feature_enabled":true,"jetpack_social_post_already_shared":true,"jetpack_social_options":{"image_generator_settings":{"template":"highway","default_image_id":0,"font":"","enabled":false},"version":2}},"categories":[17,90,38],"tags":[15,91,92,93],"class_list":["post-1004","post","type-post","status-publish","format-standard","has-post-thumbnail","hentry","category-europa","category-franca","category-noticias","tag-europa","tag-franca","tag-fronteira","tag-schengen"],"yoast_head":"<!-- This site is optimized with the Yoast SEO plugin v27.5 - https:\/\/yoast.com\/product\/yoast-seo-wordpress\/ -->\n<title>Fran\u00e7a avisa que vai alterar sua politica de fronteira com a Uni\u00e3o Europ\u00e9ia - Macari Travel Blog<\/title>\n<meta name=\"description\" content=\"De acordo com o jornal Correio da Manh\u00e3 de Portugal, a Fran\u00e7a pretende suspender o acordo de Schengen, que mant\u00e9m as fronteiras abertas dentro da Uni\u00e3o Europeia, de novembro deste ano at\u00e9 ao final de abril do pr\u00f3ximo ano (2023). O pa\u00eds vai reintroduzir os controles fronteiri\u00e7os devido a um alerta terrorista.\" \/>\n<meta name=\"robots\" content=\"index, follow, max-snippet:-1, max-image-preview:large, max-video-preview:-1\" \/>\n<link rel=\"canonical\" href=\"https:\/\/macaritravel.com\/blog\/franca-avisa-que-vai-alterar-sua-politica-de-fronteira-com-a-uniao-europeia\/\" \/>\n<meta property=\"og:locale\" content=\"pt_BR\" \/>\n<meta property=\"og:type\" content=\"article\" \/>\n<meta property=\"og:title\" content=\"Fran\u00e7a avisa que vai alterar sua politica de fronteira com a Uni\u00e3o Europ\u00e9ia - Macari Travel Blog\" \/>\n<meta property=\"og:description\" content=\"De acordo com o jornal Correio da Manh\u00e3 de Portugal, a Fran\u00e7a pretende suspender o acordo de Schengen, que mant\u00e9m as fronteiras abertas dentro da Uni\u00e3o Europeia, de novembro deste ano at\u00e9 ao final de abril do pr\u00f3ximo ano (2023). O pa\u00eds vai reintroduzir os controles fronteiri\u00e7os devido a um alerta terrorista.\" \/>\n<meta property=\"og:url\" content=\"https:\/\/macaritravel.com\/blog\/franca-avisa-que-vai-alterar-sua-politica-de-fronteira-com-a-uniao-europeia\/\" \/>\n<meta property=\"og:site_name\" content=\"Macari Travel Blog\" \/>\n<meta property=\"article:publisher\" content=\"https:\/\/www.facebook.com\/MacariTravel\" \/>\n<meta property=\"article:author\" content=\"http:\/\/facebook.com\/macaritravel\" \/>\n<meta property=\"article:published_time\" content=\"2022-10-24T22:16:17+00:00\" \/>\n<meta property=\"article:modified_time\" content=\"2022-10-24T22:26:57+00:00\" \/>\n<meta property=\"og:image\" content=\"https:\/\/macaritravel.com\/blog\/wp-content\/uploads\/2022\/10\/frencpolice-scaled.jpg\" \/>\n\t<meta property=\"og:image:width\" content=\"2560\" \/>\n\t<meta property=\"og:image:height\" content=\"1675\" \/>\n\t<meta property=\"og:image:type\" content=\"image\/jpeg\" \/>\n<meta name=\"author\" content=\"Macari Travel\" \/>\n<meta name=\"twitter:card\" content=\"summary_large_image\" \/>\n<meta name=\"twitter:label1\" content=\"Escrito por\" \/>\n\t<meta name=\"twitter:data1\" content=\"Macari Travel\" \/>\n\t<meta name=\"twitter:label2\" content=\"Est. tempo de leitura\" \/>\n\t<meta name=\"twitter:data2\" content=\"1 minuto\" \/>\n<script type=\"application\/ld+json\" class=\"yoast-schema-graph\">{\"@context\":\"https:\\\/\\\/schema.org\",\"@graph\":[{\"@type\":\"Article\",\"@id\":\"https:\\\/\\\/macaritravel.com\\\/blog\\\/franca-avisa-que-vai-alterar-sua-politica-de-fronteira-com-a-uniao-europeia\\\/#article\",\"isPartOf\":{\"@id\":\"https:\\\/\\\/macaritravel.com\\\/blog\\\/franca-avisa-que-vai-alterar-sua-politica-de-fronteira-com-a-uniao-europeia\\\/\"},\"author\":{\"name\":\"Macari Travel\",\"@id\":\"https:\\\/\\\/macaritravel.com\\\/blog\\\/#\\\/schema\\\/person\\\/e9960ec20c60bd30337fd00b82f2a928\"},\"headline\":\"Fran\u00e7a avisa que vai alterar sua politica de fronteira com a Uni\u00e3o Europ\u00e9ia\",\"datePublished\":\"2022-10-24T22:16:17+00:00\",\"dateModified\":\"2022-10-24T22:26:57+00:00\",\"mainEntityOfPage\":{\"@id\":\"https:\\\/\\\/macaritravel.com\\\/blog\\\/franca-avisa-que-vai-alterar-sua-politica-de-fronteira-com-a-uniao-europeia\\\/\"},\"wordCount\":178,\"commentCount\":0,\"publisher\":{\"@id\":\"https:\\\/\\\/macaritravel.com\\\/blog\\\/#organization\"},\"image\":{\"@id\":\"https:\\\/\\\/macaritravel.com\\\/blog\\\/franca-avisa-que-vai-alterar-sua-politica-de-fronteira-com-a-uniao-europeia\\\/#primaryimage\"},\"thumbnailUrl\":\"https:\\\/\\\/macaritravel.com\\\/blog\\\/wp-content\\\/uploads\\\/2022\\\/10\\\/frencpolice-scaled.jpg\",\"keywords\":[\"Europa\",\"Fran\u00e7a\",\"Fronteira\",\"Schengen\"],\"articleSection\":[\"Europa\",\"Fran\u00e7a\",\"Noticias\"],\"inLanguage\":\"pt-BR\",\"potentialAction\":[{\"@type\":\"CommentAction\",\"name\":\"Comment\",\"target\":[\"https:\\\/\\\/macaritravel.com\\\/blog\\\/franca-avisa-que-vai-alterar-sua-politica-de-fronteira-com-a-uniao-europeia\\\/#respond\"]}]},{\"@type\":\"WebPage\",\"@id\":\"https:\\\/\\\/macaritravel.com\\\/blog\\\/franca-avisa-que-vai-alterar-sua-politica-de-fronteira-com-a-uniao-europeia\\\/\",\"url\":\"https:\\\/\\\/macaritravel.com\\\/blog\\\/franca-avisa-que-vai-alterar-sua-politica-de-fronteira-com-a-uniao-europeia\\\/\",\"name\":\"Fran\u00e7a avisa que vai alterar sua politica de fronteira com a Uni\u00e3o Europ\u00e9ia - Macari Travel Blog\",\"isPartOf\":{\"@id\":\"https:\\\/\\\/macaritravel.com\\\/blog\\\/#website\"},\"primaryImageOfPage\":{\"@id\":\"https:\\\/\\\/macaritravel.com\\\/blog\\\/franca-avisa-que-vai-alterar-sua-politica-de-fronteira-com-a-uniao-europeia\\\/#primaryimage\"},\"image\":{\"@id\":\"https:\\\/\\\/macaritravel.com\\\/blog\\\/franca-avisa-que-vai-alterar-sua-politica-de-fronteira-com-a-uniao-europeia\\\/#primaryimage\"},\"thumbnailUrl\":\"https:\\\/\\\/macaritravel.com\\\/blog\\\/wp-content\\\/uploads\\\/2022\\\/10\\\/frencpolice-scaled.jpg\",\"datePublished\":\"2022-10-24T22:16:17+00:00\",\"dateModified\":\"2022-10-24T22:26:57+00:00\",\"description\":\"De acordo com o jornal Correio da Manh\u00e3 de Portugal, a Fran\u00e7a pretende suspender o acordo de Schengen, que mant\u00e9m as fronteiras abertas dentro da Uni\u00e3o Europeia, de novembro deste ano at\u00e9 ao final de abril do pr\u00f3ximo ano (2023). O pa\u00eds vai reintroduzir os controles fronteiri\u00e7os devido a um alerta terrorista.\",\"breadcrumb\":{\"@id\":\"https:\\\/\\\/macaritravel.com\\\/blog\\\/franca-avisa-que-vai-alterar-sua-politica-de-fronteira-com-a-uniao-europeia\\\/#breadcrumb\"},\"inLanguage\":\"pt-BR\",\"potentialAction\":[{\"@type\":\"ReadAction\",\"target\":[\"https:\\\/\\\/macaritravel.com\\\/blog\\\/franca-avisa-que-vai-alterar-sua-politica-de-fronteira-com-a-uniao-europeia\\\/\"]}]},{\"@type\":\"ImageObject\",\"inLanguage\":\"pt-BR\",\"@id\":\"https:\\\/\\\/macaritravel.com\\\/blog\\\/franca-avisa-que-vai-alterar-sua-politica-de-fronteira-com-a-uniao-europeia\\\/#primaryimage\",\"url\":\"https:\\\/\\\/macaritravel.com\\\/blog\\\/wp-content\\\/uploads\\\/2022\\\/10\\\/frencpolice-scaled.jpg\",\"contentUrl\":\"https:\\\/\\\/macaritravel.com\\\/blog\\\/wp-content\\\/uploads\\\/2022\\\/10\\\/frencpolice-scaled.jpg\",\"width\":2560,\"height\":1675},{\"@type\":\"BreadcrumbList\",\"@id\":\"https:\\\/\\\/macaritravel.com\\\/blog\\\/franca-avisa-que-vai-alterar-sua-politica-de-fronteira-com-a-uniao-europeia\\\/#breadcrumb\",\"itemListElement\":[{\"@type\":\"ListItem\",\"position\":1,\"name\":\"In\u00edcio\",\"item\":\"https:\\\/\\\/macaritravel.com\\\/blog\\\/\"},{\"@type\":\"ListItem\",\"position\":2,\"name\":\"Fran\u00e7a avisa que vai alterar sua politica de fronteira com a Uni\u00e3o Europ\u00e9ia\"}]},{\"@type\":\"WebSite\",\"@id\":\"https:\\\/\\\/macaritravel.com\\\/blog\\\/#website\",\"url\":\"https:\\\/\\\/macaritravel.com\\\/blog\\\/\",\"name\":\"Blog da Macari Travel\",\"description\":\"Blog Oficial da Macari Travel\",\"publisher\":{\"@id\":\"https:\\\/\\\/macaritravel.com\\\/blog\\\/#organization\"},\"potentialAction\":[{\"@type\":\"SearchAction\",\"target\":{\"@type\":\"EntryPoint\",\"urlTemplate\":\"https:\\\/\\\/macaritravel.com\\\/blog\\\/?s={search_term_string}\"},\"query-input\":{\"@type\":\"PropertyValueSpecification\",\"valueRequired\":true,\"valueName\":\"search_term_string\"}}],\"inLanguage\":\"pt-BR\"},{\"@type\":\"Organization\",\"@id\":\"https:\\\/\\\/macaritravel.com\\\/blog\\\/#organization\",\"name\":\"Macari Travel\",\"url\":\"https:\\\/\\\/macaritravel.com\\\/blog\\\/\",\"logo\":{\"@type\":\"ImageObject\",\"inLanguage\":\"pt-BR\",\"@id\":\"https:\\\/\\\/macaritravel.com\\\/blog\\\/#\\\/schema\\\/logo\\\/image\\\/\",\"url\":\"https:\\\/\\\/macaritravel.com\\\/blog\\\/wp-content\\\/uploads\\\/2022\\\/10\\\/Logo-MT-Oficial.png\",\"contentUrl\":\"https:\\\/\\\/macaritravel.com\\\/blog\\\/wp-content\\\/uploads\\\/2022\\\/10\\\/Logo-MT-Oficial.png\",\"width\":1350,\"height\":600,\"caption\":\"Macari Travel\"},\"image\":{\"@id\":\"https:\\\/\\\/macaritravel.com\\\/blog\\\/#\\\/schema\\\/logo\\\/image\\\/\"},\"sameAs\":[\"https:\\\/\\\/www.facebook.com\\\/MacariTravel\",\"https:\\\/\\\/www.instagram.com\\\/macari_travel\\\/\"]},{\"@type\":\"Person\",\"@id\":\"https:\\\/\\\/macaritravel.com\\\/blog\\\/#\\\/schema\\\/person\\\/e9960ec20c60bd30337fd00b82f2a928\",\"name\":\"Macari Travel\",\"image\":{\"@type\":\"ImageObject\",\"inLanguage\":\"pt-BR\",\"@id\":\"https:\\\/\\\/macaritravel.com\\\/blog\\\/wp-content\\\/uploads\\\/2024\\\/04\\\/Logo-redondo-com-fundo-branco-maior-150x150.png\",\"url\":\"https:\\\/\\\/macaritravel.com\\\/blog\\\/wp-content\\\/uploads\\\/2024\\\/04\\\/Logo-redondo-com-fundo-branco-maior-150x150.png\",\"contentUrl\":\"https:\\\/\\\/macaritravel.com\\\/blog\\\/wp-content\\\/uploads\\\/2024\\\/04\\\/Logo-redondo-com-fundo-branco-maior-150x150.png\",\"caption\":\"Macari Travel\"},\"description\":\"Dispomos de consultores com uma m\u00e9dia de 20 anos de experi\u00eancia e paix\u00e3o por viagens, que ir\u00e3o trabalhar os detalhes e criar f\u00e9rias inesquec\u00edveis.\",\"sameAs\":[\"https:\\\/\\\/macaritravel.com\\\/blog\",\"http:\\\/\\\/facebook.com\\\/macaritravel\",\"http:\\\/\\\/instagram.com\\\/macari_travel\"],\"url\":\"https:\\\/\\\/macaritravel.com\\\/blog\\\/author\\\/macari\\\/\"}]}<\/script>\n<!-- \/ Yoast SEO plugin. -->","yoast_head_json":{"title":"Fran\u00e7a avisa que vai alterar sua politica de fronteira com a Uni\u00e3o Europ\u00e9ia - Macari Travel Blog","description":"De acordo com o jornal Correio da Manh\u00e3 de Portugal, a Fran\u00e7a pretende suspender o acordo de Schengen, que mant\u00e9m as fronteiras abertas dentro da Uni\u00e3o Europeia, de novembro deste ano at\u00e9 ao final de abril do pr\u00f3ximo ano (2023). O pa\u00eds vai reintroduzir os controles fronteiri\u00e7os devido a um alerta terrorista.","robots":{"index":"index","follow":"follow","max-snippet":"max-snippet:-1","max-image-preview":"max-image-preview:large","max-video-preview":"max-video-preview:-1"},"canonical":"https:\/\/macaritravel.com\/blog\/franca-avisa-que-vai-alterar-sua-politica-de-fronteira-com-a-uniao-europeia\/","og_locale":"pt_BR","og_type":"article","og_title":"Fran\u00e7a avisa que vai alterar sua politica de fronteira com a Uni\u00e3o Europ\u00e9ia - Macari Travel Blog","og_description":"De acordo com o jornal Correio da Manh\u00e3 de Portugal, a Fran\u00e7a pretende suspender o acordo de Schengen, que mant\u00e9m as fronteiras abertas dentro da Uni\u00e3o Europeia, de novembro deste ano at\u00e9 ao final de abril do pr\u00f3ximo ano (2023). O pa\u00eds vai reintroduzir os controles fronteiri\u00e7os devido a um alerta terrorista.","og_url":"https:\/\/macaritravel.com\/blog\/franca-avisa-que-vai-alterar-sua-politica-de-fronteira-com-a-uniao-europeia\/","og_site_name":"Macari Travel Blog","article_publisher":"https:\/\/www.facebook.com\/MacariTravel","article_author":"http:\/\/facebook.com\/macaritravel","article_published_time":"2022-10-24T22:16:17+00:00","article_modified_time":"2022-10-24T22:26:57+00:00","og_image":[{"width":2560,"height":1675,"url":"https:\/\/macaritravel.com\/blog\/wp-content\/uploads\/2022\/10\/frencpolice-scaled.jpg","type":"image\/jpeg"}],"author":"Macari Travel","twitter_card":"summary_large_image","twitter_misc":{"Escrito por":"Macari Travel","Est. tempo de leitura":"1 minuto"},"schema":{"@context":"https:\/\/schema.org","@graph":[{"@type":"Article","@id":"https:\/\/macaritravel.com\/blog\/franca-avisa-que-vai-alterar-sua-politica-de-fronteira-com-a-uniao-europeia\/#article","isPartOf":{"@id":"https:\/\/macaritravel.com\/blog\/franca-avisa-que-vai-alterar-sua-politica-de-fronteira-com-a-uniao-europeia\/"},"author":{"name":"Macari Travel","@id":"https:\/\/macaritravel.com\/blog\/#\/schema\/person\/e9960ec20c60bd30337fd00b82f2a928"},"headline":"Fran\u00e7a avisa que vai alterar sua politica de fronteira com a Uni\u00e3o Europ\u00e9ia","datePublished":"2022-10-24T22:16:17+00:00","dateModified":"2022-10-24T22:26:57+00:00","mainEntityOfPage":{"@id":"https:\/\/macaritravel.com\/blog\/franca-avisa-que-vai-alterar-sua-politica-de-fronteira-com-a-uniao-europeia\/"},"wordCount":178,"commentCount":0,"publisher":{"@id":"https:\/\/macaritravel.com\/blog\/#organization"},"image":{"@id":"https:\/\/macaritravel.com\/blog\/franca-avisa-que-vai-alterar-sua-politica-de-fronteira-com-a-uniao-europeia\/#primaryimage"},"thumbnailUrl":"https:\/\/macaritravel.com\/blog\/wp-content\/uploads\/2022\/10\/frencpolice-scaled.jpg","keywords":["Europa","Fran\u00e7a","Fronteira","Schengen"],"articleSection":["Europa","Fran\u00e7a","Noticias"],"inLanguage":"pt-BR","potentialAction":[{"@type":"CommentAction","name":"Comment","target":["https:\/\/macaritravel.com\/blog\/franca-avisa-que-vai-alterar-sua-politica-de-fronteira-com-a-uniao-europeia\/#respond"]}]},{"@type":"WebPage","@id":"https:\/\/macaritravel.com\/blog\/franca-avisa-que-vai-alterar-sua-politica-de-fronteira-com-a-uniao-europeia\/","url":"https:\/\/macaritravel.com\/blog\/franca-avisa-que-vai-alterar-sua-politica-de-fronteira-com-a-uniao-europeia\/","name":"Fran\u00e7a avisa que vai alterar sua politica de fronteira com a Uni\u00e3o Europ\u00e9ia - Macari Travel Blog","isPartOf":{"@id":"https:\/\/macaritravel.com\/blog\/#website"},"primaryImageOfPage":{"@id":"https:\/\/macaritravel.com\/blog\/franca-avisa-que-vai-alterar-sua-politica-de-fronteira-com-a-uniao-europeia\/#primaryimage"},"image":{"@id":"https:\/\/macaritravel.com\/blog\/franca-avisa-que-vai-alterar-sua-politica-de-fronteira-com-a-uniao-europeia\/#primaryimage"},"thumbnailUrl":"https:\/\/macaritravel.com\/blog\/wp-content\/uploads\/2022\/10\/frencpolice-scaled.jpg","datePublished":"2022-10-24T22:16:17+00:00","dateModified":"2022-10-24T22:26:57+00:00","description":"De acordo com o jornal Correio da Manh\u00e3 de Portugal, a Fran\u00e7a pretende suspender o acordo de Schengen, que mant\u00e9m as fronteiras abertas dentro da Uni\u00e3o Europeia, de novembro deste ano at\u00e9 ao final de abril do pr\u00f3ximo ano (2023). O pa\u00eds vai reintroduzir os controles fronteiri\u00e7os devido a um alerta terrorista.","breadcrumb":{"@id":"https:\/\/macaritravel.com\/blog\/franca-avisa-que-vai-alterar-sua-politica-de-fronteira-com-a-uniao-europeia\/#breadcrumb"},"inLanguage":"pt-BR","potentialAction":[{"@type":"ReadAction","target":["https:\/\/macaritravel.com\/blog\/franca-avisa-que-vai-alterar-sua-politica-de-fronteira-com-a-uniao-europeia\/"]}]},{"@type":"ImageObject","inLanguage":"pt-BR","@id":"https:\/\/macaritravel.com\/blog\/franca-avisa-que-vai-alterar-sua-politica-de-fronteira-com-a-uniao-europeia\/#primaryimage","url":"https:\/\/macaritravel.com\/blog\/wp-content\/uploads\/2022\/10\/frencpolice-scaled.jpg","contentUrl":"https:\/\/macaritravel.com\/blog\/wp-content\/uploads\/2022\/10\/frencpolice-scaled.jpg","width":2560,"height":1675},{"@type":"BreadcrumbList","@id":"https:\/\/macaritravel.com\/blog\/franca-avisa-que-vai-alterar-sua-politica-de-fronteira-com-a-uniao-europeia\/#breadcrumb","itemListElement":[{"@type":"ListItem","position":1,"name":"In\u00edcio","item":"https:\/\/macaritravel.com\/blog\/"},{"@type":"ListItem","position":2,"name":"Fran\u00e7a avisa que vai alterar sua politica de fronteira com a Uni\u00e3o Europ\u00e9ia"}]},{"@type":"WebSite","@id":"https:\/\/macaritravel.com\/blog\/#website","url":"https:\/\/macaritravel.com\/blog\/","name":"Blog da Macari Travel","description":"Blog Oficial da Macari Travel","publisher":{"@id":"https:\/\/macaritravel.com\/blog\/#organization"},"potentialAction":[{"@type":"SearchAction","target":{"@type":"EntryPoint","urlTemplate":"https:\/\/macaritravel.com\/blog\/?s={search_term_string}"},"query-input":{"@type":"PropertyValueSpecification","valueRequired":true,"valueName":"search_term_string"}}],"inLanguage":"pt-BR"},{"@type":"Organization","@id":"https:\/\/macaritravel.com\/blog\/#organization","name":"Macari Travel","url":"https:\/\/macaritravel.com\/blog\/","logo":{"@type":"ImageObject","inLanguage":"pt-BR","@id":"https:\/\/macaritravel.com\/blog\/#\/schema\/logo\/image\/","url":"https:\/\/macaritravel.com\/blog\/wp-content\/uploads\/2022\/10\/Logo-MT-Oficial.png","contentUrl":"https:\/\/macaritravel.com\/blog\/wp-content\/uploads\/2022\/10\/Logo-MT-Oficial.png","width":1350,"height":600,"caption":"Macari Travel"},"image":{"@id":"https:\/\/macaritravel.com\/blog\/#\/schema\/logo\/image\/"},"sameAs":["https:\/\/www.facebook.com\/MacariTravel","https:\/\/www.instagram.com\/macari_travel\/"]},{"@type":"Person","@id":"https:\/\/macaritravel.com\/blog\/#\/schema\/person\/e9960ec20c60bd30337fd00b82f2a928","name":"Macari Travel","image":{"@type":"ImageObject","inLanguage":"pt-BR","@id":"https:\/\/macaritravel.com\/blog\/wp-content\/uploads\/2024\/04\/Logo-redondo-com-fundo-branco-maior-150x150.png","url":"https:\/\/macaritravel.com\/blog\/wp-content\/uploads\/2024\/04\/Logo-redondo-com-fundo-branco-maior-150x150.png","contentUrl":"https:\/\/macaritravel.com\/blog\/wp-content\/uploads\/2024\/04\/Logo-redondo-com-fundo-branco-maior-150x150.png","caption":"Macari Travel"},"description":"Dispomos de consultores com uma m\u00e9dia de 20 anos de experi\u00eancia e paix\u00e3o por viagens, que ir\u00e3o trabalhar os detalhes e criar f\u00e9rias inesquec\u00edveis.","sameAs":["https:\/\/macaritravel.com\/blog","http:\/\/facebook.com\/macaritravel","http:\/\/instagram.com\/macari_travel"],"url":"https:\/\/macaritravel.com\/blog\/author\/macari\/"}]}},"jetpack_publicize_connections":[],"jetpack_featured_media_url":"https:\/\/macaritravel.com\/blog\/wp-content\/uploads\/2022\/10\/frencpolice-scaled.jpg","jetpack_sharing_enabled":true,"_links":{"self":[{"href":"https:\/\/macaritravel.com\/blog\/wp-json\/wp\/v2\/posts\/1004","targetHints":{"allow":["GET"]}}],"collection":[{"href":"https:\/\/macaritravel.com\/blog\/wp-json\/wp\/v2\/posts"}],"about":[{"href":"https:\/\/macaritravel.com\/blog\/wp-json\/wp\/v2\/types\/post"}],"author":[{"embeddable":true,"href":"https:\/\/macaritravel.com\/blog\/wp-json\/wp\/v2\/users\/1"}],"replies":[{"embeddable":true,"href":"https:\/\/macaritravel.com\/blog\/wp-json\/wp\/v2\/comments?post=1004"}],"version-history":[{"count":0,"href":"https:\/\/macaritravel.com\/blog\/wp-json\/wp\/v2\/posts\/1004\/revisions"}],"wp:featuredmedia":[{"embeddable":true,"href":"https:\/\/macaritravel.com\/blog\/wp-json\/wp\/v2\/media\/1005"}],"wp:attachment":[{"href":"https:\/\/macaritravel.com\/blog\/wp-json\/wp\/v2\/media?parent=1004"}],"wp:term":[{"taxonomy":"category","embeddable":true,"href":"https:\/\/macaritravel.com\/blog\/wp-json\/wp\/v2\/categories?post=1004"},{"taxonomy":"post_tag","embeddable":true,"href":"https:\/\/macaritravel.com\/blog\/wp-json\/wp\/v2\/tags?post=1004"}],"curies":[{"name":"wp","href":"https:\/\/api.w.org\/{rel}","templated":true}]}}