{"id":1064,"date":"2022-10-26T14:17:02","date_gmt":"2022-10-26T14:17:02","guid":{"rendered":"https:\/\/macaritravel.com\/blog\/?p=1064"},"modified":"2022-10-26T15:30:53","modified_gmt":"2022-10-26T15:30:53","slug":"viajando-para-a-holanda-na-primavera","status":"publish","type":"post","link":"https:\/\/macaritravel.com\/blog\/viajando-para-a-holanda-na-primavera\/","title":{"rendered":"Viajando para a Holanda na Primavera"},"content":{"rendered":"\n<p>A Primavera na Holanda \u00e9 um verdadeiro espet\u00e1culo. O pa\u00eds, famoso pelos <strong>campos de tulipas e moinhos de vento<\/strong>, \u00e9 lindo o ano inteiro. Mas nesta esta\u00e7\u00e3o o destino fica ainda mais surpreendente.<\/p>\n\n\n\n<p>Para quem adora flores, lindas paisagens, dias de sol e temperaturas amenas, este \u00e9 o lugar perfeito para a sua pr\u00f3xima viagem.<\/p>\n\n\n\n<p>Quer conhecer a Holanda na primavera? Confira esta sugest\u00e3o de roteiro criada pelos especialistas da Macari Travel e da Cativa Operadora. Vem com a gente!<\/p>\n\n\n\n<h2 class=\"wp-block-heading\"><strong>Primavera na Holanda: esta\u00e7\u00e3o das tulipas<\/strong><\/h2>\n\n\n\n<p>O pa\u00eds vive seu \u00e1pice exatamente quando come\u00e7a a primavera na Holanda. Dias mais longos de sol, <strong>poucas possibilidades de chuvas<\/strong>, temperaturas mais agrad\u00e1veis, favorecendo os passeios ao ar livre.<\/p>\n\n\n\n<p>A <strong>esta\u00e7\u00e3o das tulipas <\/strong>atrai ainda mais os turistas que querem fugir do frio europeu, mas que tamb\u00e9m preferem evitar um calor mais intenso.<\/p>\n\n\n\n<p>Prepare-se para encontrar uma Holanda mergulhada entre as flores e os verdes dos parques e campos. Sem d\u00favida, conhecer o pa\u00eds na esta\u00e7\u00e3o das tulipas \u00e9 o tipo de viagem que ser\u00e1 inesquec\u00edvel.<\/p>\n\n\n\n<h2 class=\"wp-block-heading\"><strong>Quando \u00e9 a primavera na Holanda?<\/strong><\/h2>\n\n\n\n<p>A esta\u00e7\u00e3o das flores e das cores tem <strong>in\u00edcio em mar\u00e7o <\/strong>e se estende <strong>at\u00e9 o fim do m\u00eas junho<\/strong>.<\/p>\n\n\n\n<p>Nesta \u00e9poca, os campos est\u00e3o lind\u00edssimos e \u00e9 poss\u00edvel observar uma atmosfera diferente nas cidades ao passo que a primavera vai se fazendo presente no continente.<\/p>\n\n\n\n<p>A brisa gelada do inverno d\u00e1 lugar para as temperaturas mais amenas e as chuvas tamb\u00e9m deixam de dar as caras por l\u00e1.<\/p>\n\n\n\n<h2 class=\"wp-block-heading\"><strong>Antes de visitar a Holanda<\/strong><\/h2>\n\n\n\n<p>Para fazer turismo na Holanda na primavera, os turistas brasileiros n\u00e3o precisam obter o visto, desde que a estada no pa\u00eds n\u00e3o passe de 90 dias.<\/p>\n\n\n\n<p>Ao desembarcar em terras holandesas, basta <strong>apresentar o<\/strong> <strong>passaporte <\/strong>com validade m\u00ednima de tr\u00eas meses. Por l\u00e1, n\u00e3o \u00e9 necess\u00e1rio levar tamb\u00e9m o Certificado Internacional de Vacina\u00e7\u00e3o. Tamb\u00e9m \u00e9 necess\u00e1rio ter um <strong><a href=\"https:\/\/macaritravel.com\/blog\/por-que-contratar-um-seguro-viagem-para-europa\/\" target=\"_blank\" rel=\"noreferrer noopener\">seguro viagem<\/a><\/strong>, no valor m\u00ednimo de 30 Mil Euros.<\/p>\n\n\n\n<p>Confira agora nossa sugest\u00e3o de roteiro, que quando realizado com a <strong>Macari Travel <\/strong>lhe garante toda a tranquilidade e seguran\u00e7a, contando com um guia que acompanha o grupo desde o in\u00edcio at\u00e9 o fim, inclu\u00edndo todo o transporte, a\u00e9reo e local e hospedagem.<\/p>\n\n\n\n<p>Nesta viagem encantadora, iniciando no Brasil com destino a Holanda, visitaremos Amsterdam e diversas cidades, aldeias e vilas t\u00edpicas holandesas, com a grande oportunidade de ver as famosas \u201ctulipas\u201d, na \u00e9poca em que as flores est\u00e3o mais bonitas, com visita ao PARQUE KEUKNHOF, onde poderemos apreciar o que \u00e9 considerada a \u201cmaior exposi\u00e7\u00e3o de flores do mundo\u201d.<br>Prosseguindo at\u00e9 a B\u00e9lgica, para conhecer Bruxelas e outras cidades, como Bruges, cercada por canais, considerada a mais rom\u00e2ntica do pa\u00eds, com sua pitoresca arquitetura. Finalizando na Fran\u00e7a, passando pela maravilhosa regi\u00e3o dos \u201cCastelos do Loire\u201d, at\u00e9 chegar a inesquec\u00edvel Paris, capital do pa\u00eds, incluindo, al\u00e9m do tour pela cidade, um passeio ao Pal\u00e1cio de Versalhes, com sua espetacular \u201cgaleria dos espelhos\u201d.<\/p>\n\n\n\n<figure class=\"wp-block-image size-full\"><a href=\"https:\/\/www.agentcars.com\/subsite\/pt?agency=macari-travel\" target=\"_blank\" rel=\"noreferrer noopener\"><img decoding=\"async\" width=\"850\" height=\"125\" data-src=\"https:\/\/macaritravel.com\/blog\/wp-content\/uploads\/2022\/10\/imagemrental.jpeg\" alt=\"\" class=\"wp-image-556 lazyload\" data-srcset=\"https:\/\/macaritravel.com\/blog\/wp-content\/uploads\/2022\/10\/imagemrental.jpeg 850w, https:\/\/macaritravel.com\/blog\/wp-content\/uploads\/2022\/10\/imagemrental-300x44.jpeg 300w, https:\/\/macaritravel.com\/blog\/wp-content\/uploads\/2022\/10\/imagemrental-768x113.jpeg 768w\" data-sizes=\"(max-width: 850px) 100vw, 850px\" src=\"data:image\/svg+xml;base64,PHN2ZyB3aWR0aD0iMSIgaGVpZ2h0PSIxIiB4bWxucz0iaHR0cDovL3d3dy53My5vcmcvMjAwMC9zdmciPjwvc3ZnPg==\" style=\"--smush-placeholder-width: 850px; --smush-placeholder-aspect-ratio: 850\/125;\" \/><\/a><\/figure>\n\n\n\n<p><strong>1\u00b0 dia &#8211; Brasil \/ Holanda<\/strong><br>Apresenta\u00e7\u00e3o no aeroporto da cidade de origem (com no m\u00ednimo 3 horas de anteced\u00eancia) para in\u00edcio desta fant\u00e1stica viagem. Embarque em voo com conex\u00e3o e destino a Holanda. Pernoite e refei\u00e7\u00f5es a bordo.<br><br><strong>2\u00b0 dia &#8211; Amsterdam<\/strong><\/p>\n\n\n\n<figure class=\"wp-block-image size-full\"><img decoding=\"async\" width=\"1880\" height=\"1253\" data-src=\"https:\/\/macaritravel.com\/blog\/wp-content\/uploads\/2022\/10\/pexels-photo-1414467.jpeg\" alt=\"three bicycle upright parked on bridge\" class=\"wp-image-1067 lazyload\" data-srcset=\"https:\/\/macaritravel.com\/blog\/wp-content\/uploads\/2022\/10\/pexels-photo-1414467.jpeg 1880w, https:\/\/macaritravel.com\/blog\/wp-content\/uploads\/2022\/10\/pexels-photo-1414467-300x200.jpeg 300w, https:\/\/macaritravel.com\/blog\/wp-content\/uploads\/2022\/10\/pexels-photo-1414467-1024x682.jpeg 1024w, https:\/\/macaritravel.com\/blog\/wp-content\/uploads\/2022\/10\/pexels-photo-1414467-768x512.jpeg 768w, https:\/\/macaritravel.com\/blog\/wp-content\/uploads\/2022\/10\/pexels-photo-1414467-1536x1024.jpeg 1536w, https:\/\/macaritravel.com\/blog\/wp-content\/uploads\/2022\/10\/pexels-photo-1414467-1200x800.jpeg 1200w\" data-sizes=\"(max-width: 1880px) 100vw, 1880px\" src=\"data:image\/svg+xml;base64,PHN2ZyB3aWR0aD0iMSIgaGVpZ2h0PSIxIiB4bWxucz0iaHR0cDovL3d3dy53My5vcmcvMjAwMC9zdmciPjwvc3ZnPg==\" style=\"--smush-placeholder-width: 1880px; --smush-placeholder-aspect-ratio: 1880\/1253;\" \/><figcaption><strong>Amsterdam<\/strong> <\/figcaption><\/figure>\n\n\n\n<p>Chegada ao aeroporto traslado ao hotel e hospedagem. Tarde livre.<br><br><strong>3\u00b0 dia &#8211; Amsterdam<\/strong><br>Caf\u00e9 da manh\u00e3. Sa\u00edda para realizar <a href=\"https:\/\/www.civitatis.com\/br\/amsterdam\/tour-privado-amsterdam\/?ag_aid=42169\" target=\"_blank\" rel=\"noreferrer noopener\">City Tour a cidade<\/a>. Visita a uma f\u00e1brica de diamantes. Em seguida, visitaremos o <a href=\"https:\/\/www.civitatis.com\/br\/amsterdam\/visita-museu-van-gogh\/?ag_aid=42169\" target=\"_blank\" rel=\"noreferrer noopener\">Museu Van Gogh<\/a>, onde est\u00e1 a maior cole\u00e7\u00e3o de pinturas e desenhos deste maravilhoso artista, que \u00e9 considerado um dos pintores mais populares do mundo. Neste museu encontra-se, tamb\u00e9m, uma cole\u00e7\u00e3o de gravuras e pinturas chinesas, com mais de 200 quadros e 500 desenhos. Tarde livre para atividades pessoais. No final do dia, ser\u00e1 opcional realizar passeio pelos canais.<br><br><strong>4\u00b0 dia &#8211; Amsterdam<\/strong><br>Caf\u00e9 da manh\u00e3. Sa\u00edda para excurs\u00e3o onde visitaremos o <a href=\"https:\/\/www.civitatis.com\/br\/amsterdam\/ingresso-rijksmuseum-cruzeiro-canais\/?ag_aid=42169\" target=\"_blank\" rel=\"noreferrer noopener\">Rijksmuseum<\/a>, museu que possui alguns dos quadros mais importantes de Rembrandt, inclusive &#8220;A Ronda Noturna&#8221;, sua obra mais famosa. A excurs\u00e3o terminar\u00e1 em uma das mais bonitas pra\u00e7as da capital holandesa, a pra\u00e7a Rembrandt.<br><br><strong>5\u00b0 dia &#8211; Amsterdam \/ Zaanse Schans \/ Voledam \/ Marken \/ Amsterdam<\/strong><\/p>\n\n\n\n<figure class=\"wp-block-image size-full is-resized\"><img decoding=\"async\" data-src=\"https:\/\/macaritravel.com\/blog\/wp-content\/uploads\/2022\/10\/Zaanse-Schans.jpg\" alt=\"\" class=\"wp-image-1068 lazyload\" width=\"840\" height=\"560\" data-srcset=\"https:\/\/macaritravel.com\/blog\/wp-content\/uploads\/2022\/10\/Zaanse-Schans.jpg 720w, https:\/\/macaritravel.com\/blog\/wp-content\/uploads\/2022\/10\/Zaanse-Schans-300x200.jpg 300w\" data-sizes=\"(max-width: 840px) 100vw, 840px\" src=\"data:image\/svg+xml;base64,PHN2ZyB3aWR0aD0iMSIgaGVpZ2h0PSIxIiB4bWxucz0iaHR0cDovL3d3dy53My5vcmcvMjAwMC9zdmciPjwvc3ZnPg==\" style=\"--smush-placeholder-width: 840px; --smush-placeholder-aspect-ratio: 840\/560;\" \/><figcaption><strong>Zaanse Schans<\/strong><\/figcaption><\/figure>\n\n\n\n<p>Caf\u00e9 da manh\u00e3. Sa\u00edda para <a href=\"https:\/\/www.civitatis.com\/br\/amsterdam\/excursao-moinhos-zaanse-schans-volendam\/?ag_aid=42169\" target=\"_blank\" rel=\"noreferrer noopener\">Zaanse Schans<\/a>, uma vila hist\u00f3rica e t\u00edpica holandesa, com seus lindos moinhos e, logo ap\u00f3s, vamos visitar Volendam, antiga povoa\u00e7\u00e3o de pescadores, outrora ligada diretamente ao Mar do Norte e hoje uma das aldeias t\u00edpicas nos arredores da capital Holandesa, com com\u00e9rcio de artigos tradicionais, restaurantes e bonitas esplanadas. Continua\u00e7\u00e3o para Marken, situada numa pequena pen\u00ednsula, com as suas t\u00edpicas casas de madeira, consideradas patrim\u00f4nio nacional. Retorno a Amsterdam. Hospedagem.<br><br><strong>6\u00b0 dia &#8211; Amsterdam \/ Parque Keukenhof \/ Delft \/ Antuerpia<\/strong><\/p>\n\n\n\n<figure class=\"wp-block-image size-full is-resized\"><img decoding=\"async\" data-src=\"https:\/\/macaritravel.com\/blog\/wp-content\/uploads\/2022\/10\/Parque-Keukenhof.jpg\" alt=\"\" class=\"wp-image-1069 lazyload\" width=\"839\" height=\"557\" data-srcset=\"https:\/\/macaritravel.com\/blog\/wp-content\/uploads\/2022\/10\/Parque-Keukenhof.jpg 672w, https:\/\/macaritravel.com\/blog\/wp-content\/uploads\/2022\/10\/Parque-Keukenhof-300x199.jpg 300w\" data-sizes=\"(max-width: 839px) 100vw, 839px\" src=\"data:image\/svg+xml;base64,PHN2ZyB3aWR0aD0iMSIgaGVpZ2h0PSIxIiB4bWxucz0iaHR0cDovL3d3dy53My5vcmcvMjAwMC9zdmciPjwvc3ZnPg==\" style=\"--smush-placeholder-width: 839px; --smush-placeholder-aspect-ratio: 839\/557;\" \/><figcaption><strong>Parque Keukenhof<\/strong><\/figcaption><\/figure>\n\n\n\n<p>Caf\u00e9 da manh\u00e3. Sa\u00edda para <a href=\"https:\/\/www.civitatis.com\/br\/amsterdam\/onibus-keukenhof-ingresso\/?ag_aid=42169\" target=\"_blank\" rel=\"noreferrer noopener\">visita ao Parque Keukenho<\/a>, tamb\u00e9m conhecida como o maior Jardim de Flores do Mundo, com cerca de 7 milh\u00f5es de plantas de bolbo, conseguem cultivar um dos jardins mais espetaculares do mundo. Tempo para admirar a beleza dos jardins na primavera. \u00c0 tarde, sa\u00edda para a charmosa Delft famosa pela porcelana Royal Delft, a \u00fanica f\u00e1brica que ainda faz os designs azuis pintados a m\u00e3o desde o s\u00e9culo XVI. Logo ap\u00f3s sa\u00edda para Antu\u00e9rpia.<br><br><strong>7\u00b0 dia &#8211; Antuerpia \/ Bruxelas<\/strong><br>Caf\u00e9 da manh\u00e3.&nbsp; Sa\u00edda para a <a href=\"https:\/\/www.civitatis.com\/br\/bruxelas\/excursao-antuerpia\/?ag_aid=42169\" target=\"_blank\" rel=\"noreferrer noopener\">visita a Antu\u00e9rpia<\/a>, maior cidade de Flandres e segunda da B\u00e9lgica, famosa pelo comercio de diamantes. Visita ao quarteir\u00e3o antigo, com especial destaque para a Catedral, o maior monumento da B\u00e9lgica com uma \u00e1rea de cerca de 1 ha; a Grande Pra\u00e7a (Grote Markt), a C\u00e2mara Municipal (Stadhaus) e a Fonte de Brabo. Continua\u00e7\u00e3o a Bruxelas. Chegada a capital Belga. Hospedagem.<br><br><strong>8\u00b0 dia &#8211; Bruxelas<\/strong><\/p>\n\n\n\n<figure class=\"wp-block-image size-large\"><img decoding=\"async\" width=\"1024\" height=\"683\" data-src=\"https:\/\/macaritravel.com\/blog\/wp-content\/uploads\/2022\/10\/Bruxelas-1024x683.jpg\" alt=\"\" class=\"wp-image-1070 lazyload\" data-srcset=\"https:\/\/macaritravel.com\/blog\/wp-content\/uploads\/2022\/10\/Bruxelas-1024x683.jpg 1024w, https:\/\/macaritravel.com\/blog\/wp-content\/uploads\/2022\/10\/Bruxelas-300x200.jpg 300w, https:\/\/macaritravel.com\/blog\/wp-content\/uploads\/2022\/10\/Bruxelas-768x512.jpg 768w, https:\/\/macaritravel.com\/blog\/wp-content\/uploads\/2022\/10\/Bruxelas-1200x800.jpg 1200w, https:\/\/macaritravel.com\/blog\/wp-content\/uploads\/2022\/10\/Bruxelas.jpg 1280w\" data-sizes=\"(max-width: 1024px) 100vw, 1024px\" src=\"data:image\/svg+xml;base64,PHN2ZyB3aWR0aD0iMSIgaGVpZ2h0PSIxIiB4bWxucz0iaHR0cDovL3d3dy53My5vcmcvMjAwMC9zdmciPjwvc3ZnPg==\" style=\"--smush-placeholder-width: 1024px; --smush-placeholder-aspect-ratio: 1024\/683;\" \/><figcaption><strong>Bruxelas<\/strong><\/figcaption><\/figure>\n\n\n\n<p>Caf\u00e9 da manh\u00e3. <a href=\"https:\/\/www.civitatis.com\/br\/bruxelas\/tour-privado-bruxelas\/?ag_aid=42169\" target=\"_blank\" rel=\"noreferrer noopener\">Visita panor\u00e2mica a cidade<\/a>, pelos pontos tur\u00edsticos como Grand Place, Atomium, Catedral de S\u00e3o Miguel e Manneken Pis. Tarde livre para atividades pessoais.<br><br><strong>9\u00b0 dia &#8211; Bruxelas \/ Brugges \/ Gante \/ Bruxelas<\/strong><br>Caf\u00e9 da manh\u00e3. Sa\u00edda em dire\u00e7\u00e3o a <a href=\"https:\/\/www.civitatis.com\/br\/bruxelas\/excursao-bruges\/?ag_aid=42169\" target=\"_blank\" rel=\"noreferrer noopener\">Bruges<\/a>, Patrim\u00f4nio da Humanidade, j\u00f3ia da coroa da antiga Flandres, que nasceu do esplendor econ\u00f4mico dos s\u00e9c. XII e XIV. \u00c9 hoje uma das mais belas cidades flamengas, com o seu urbanismo medieval g\u00f3tico presente no casario que preenche as ruelas e rodeia os belos canais de seu centro hist\u00f3rico. \u00c0 tarde, sa\u00edda para Gante, visita ao Centro Hist\u00f3rico e a Catedral de S. Bavon, onde poderemos ver o por\u00edptico. Retorno para Bruxelas.<br><br><strong>10\u00b0 dia &#8211; Bruxelas \/ Tours&nbsp;<\/strong><br>Sa\u00edda para a cidade de Tours, no cora\u00e7\u00e3o do Vale do Loire, regi\u00e3o da Touraine \u00e9 acertadamente denominada de Jardim da Fran\u00e7a. Sugerimos visita ao bairro &#8220;Vieux Tours&#8221; com diversos restaurantes e caf\u00e9s. Descubriremos o charme desse bairro hist\u00f3rico e das belas casas com &#8220;colombages&#8221; (arma\u00e7\u00e3o de madeira). Retorno ao hotel.<br><br><strong>11\u00b0 dia &#8211; Tours \/ Regi\u00e3o dos Castelos do Loire \/ Tours<\/strong><\/p>\n\n\n\n<figure class=\"wp-block-image size-large\"><img decoding=\"async\" width=\"1024\" height=\"768\" data-src=\"https:\/\/macaritravel.com\/blog\/wp-content\/uploads\/2022\/10\/Castelo-de-Amboise-1024x768.jpg\" alt=\"\" class=\"wp-image-1071 lazyload\" data-srcset=\"https:\/\/macaritravel.com\/blog\/wp-content\/uploads\/2022\/10\/Castelo-de-Amboise-1024x768.jpg 1024w, https:\/\/macaritravel.com\/blog\/wp-content\/uploads\/2022\/10\/Castelo-de-Amboise-300x225.jpg 300w, https:\/\/macaritravel.com\/blog\/wp-content\/uploads\/2022\/10\/Castelo-de-Amboise-768x576.jpg 768w, https:\/\/macaritravel.com\/blog\/wp-content\/uploads\/2022\/10\/Castelo-de-Amboise-1536x1152.jpg 1536w, https:\/\/macaritravel.com\/blog\/wp-content\/uploads\/2022\/10\/Castelo-de-Amboise-2048x1536.jpg 2048w\" data-sizes=\"(max-width: 1024px) 100vw, 1024px\" src=\"data:image\/svg+xml;base64,PHN2ZyB3aWR0aD0iMSIgaGVpZ2h0PSIxIiB4bWxucz0iaHR0cDovL3d3dy53My5vcmcvMjAwMC9zdmciPjwvc3ZnPg==\" style=\"--smush-placeholder-width: 1024px; --smush-placeholder-aspect-ratio: 1024\/768;\" \/><figcaption>Castelo de Amboise<\/figcaption><\/figure>\n\n\n\n<p>Caf\u00e9 da manh\u00e3 buffet. Visita guiada do <a href=\"https:\/\/www.civitatis.com\/br\/amboise\/ingresso-castelo-amboise\/?ag_aid=42169\" target=\"_blank\" rel=\"noreferrer noopener\">Castelo de Amboise<\/a>, listado como Patrim\u00f4nio da Humanidade pela Unesco. Descubra a vida cotidiana e privada dos soberanos, assim como os bastidores da corte. O tempo livre em seguida permite admirar os espl\u00eandidos jardins do castelo, que oferecem um incr\u00edvel panorama do vale do Loire. Aproveitaremos, tamb\u00e9m, esse momento para almo\u00e7ar onde preferir: nos jardins ou em uma das lanchonetes nos arredores do castelo. Ap\u00f3s, nosso guia nos conduzir\u00e1 at\u00e9 o Castelo do Clos Luc\u00e9, a 10 minutos a p\u00e9 de Amboise. Visita somente externa ao castelo Clos Luc\u00e9 resid\u00eancia de Leonardo da Vinci. Depois da visita, transporte at\u00e9 o <a href=\"https:\/\/www.civitatis.com\/br\/amboise\/excursao-castelo-villandry-islette-vouvray\/?ag_aid=42169\" target=\"_blank\" rel=\"noreferrer noopener\">Castelo de Villandry<\/a> onde descobriremos os magn\u00edficos caminhos cercados por t\u00edlias, que separam os jardins em diferentes n\u00edveis e planta\u00e7\u00f5es. Ficaremos encantados com as cores variadas dos jardins de Villandry e o clima de tranquilidade. Em seguida, retorno para o hotel.<br><br><strong>12\u00b0 dia &#8211; Amboise \/ Regi\u00e3o dos Castelos do Loire \/ Paris<\/strong><\/p>\n\n\n\n<figure class=\"wp-block-image size-full is-resized\"><img decoding=\"async\" data-src=\"https:\/\/macaritravel.com\/blog\/wp-content\/uploads\/2022\/10\/Castelos-de-Chenonceau.jpg\" alt=\"\" class=\"wp-image-1072 lazyload\" width=\"840\" height=\"561\" data-srcset=\"https:\/\/macaritravel.com\/blog\/wp-content\/uploads\/2022\/10\/Castelos-de-Chenonceau.jpg 668w, https:\/\/macaritravel.com\/blog\/wp-content\/uploads\/2022\/10\/Castelos-de-Chenonceau-300x200.jpg 300w\" data-sizes=\"(max-width: 840px) 100vw, 840px\" src=\"data:image\/svg+xml;base64,PHN2ZyB3aWR0aD0iMSIgaGVpZ2h0PSIxIiB4bWxucz0iaHR0cDovL3d3dy53My5vcmcvMjAwMC9zdmciPjwvc3ZnPg==\" style=\"--smush-placeholder-width: 840px; --smush-placeholder-aspect-ratio: 840\/561;\" \/><figcaption>Castelos de Chenonceau<\/figcaption><\/figure>\n\n\n\n<p><br>Caf\u00e9 da manh\u00e3 buffet. Sa\u00edda para circuito voltado para a <a href=\"https:\/\/www.civitatis.com\/br\/tours\/excursao-castelos-chambord-chenonceau\/?ag_aid=42169\" target=\"_blank\" rel=\"noreferrer noopener\">visita dos Castelos de Chenonceau e Chambord.<\/a> Depois do caf\u00e9 da manh\u00e3, partiremos at\u00e9 o Castelo de Chenonceau, situado a cerca de 35 km da capital de Touraine. Aproveitaremos a visita guiada, para descobrirmos esse local emblem\u00e1tico da hist\u00f3ria da Fran\u00e7a. Igualmente denominado &#8220;Castelo das Damas&#8221;, Chenonceau foi constru\u00eddo e enriquecido por diferentes personalidades femininas francesas, como Diana de Poitiers e Catarina de M\u00e9dici. A visita do Castelo de Chenonceau permite admirar a sofistica\u00e7\u00e3o de seus c\u00f4modos mobiliados e floridos e sua incr\u00edvel arquitetura erguida sobre o rio Cher. Em seguida, visitaremos o Castelo de Chambord, a aproximadamente vinte quil\u00f4metros de Cheverny. Esse amplo castelo do vale do Loire revelar\u00e1 um patrim\u00f4nio fascinante e complexo, constru\u00eddo por Francisco I no s\u00e9culo XVI. Contemplaremos a arquitetura de exce\u00e7\u00e3o, com a famosa escadaria em dupla h\u00e9lice ao centro do monumento, visitaremos o antigo aposento do rei e outras salas nos diversos andares do castelo. O grande terra\u00e7o, com suas majestosas lareiras,proporciona um panorama \u00edmpar do parque de Chambord. Sa\u00edda de Chambord para Paris. Hospedagem.<br><br><strong>13\u00b0 dia &#8211; Paris<\/strong><\/p>\n\n\n\n<figure class=\"wp-block-image size-large\"><img decoding=\"async\" width=\"1024\" height=\"682\" data-src=\"https:\/\/macaritravel.com\/blog\/wp-content\/uploads\/2022\/10\/eiffel-tower-1024x682.jpg\" alt=\"\" class=\"wp-image-1073 lazyload\" data-srcset=\"https:\/\/macaritravel.com\/blog\/wp-content\/uploads\/2022\/10\/eiffel-tower-1024x682.jpg 1024w, https:\/\/macaritravel.com\/blog\/wp-content\/uploads\/2022\/10\/eiffel-tower-300x200.jpg 300w, https:\/\/macaritravel.com\/blog\/wp-content\/uploads\/2022\/10\/eiffel-tower-768x512.jpg 768w, https:\/\/macaritravel.com\/blog\/wp-content\/uploads\/2022\/10\/eiffel-tower-1536x1023.jpg 1536w, https:\/\/macaritravel.com\/blog\/wp-content\/uploads\/2022\/10\/eiffel-tower-1200x800.jpg 1200w, https:\/\/macaritravel.com\/blog\/wp-content\/uploads\/2022\/10\/eiffel-tower.jpg 1920w\" data-sizes=\"(max-width: 1024px) 100vw, 1024px\" src=\"data:image\/svg+xml;base64,PHN2ZyB3aWR0aD0iMSIgaGVpZ2h0PSIxIiB4bWxucz0iaHR0cDovL3d3dy53My5vcmcvMjAwMC9zdmciPjwvc3ZnPg==\" style=\"--smush-placeholder-width: 1024px; --smush-placeholder-aspect-ratio: 1024\/682;\" \/><figcaption> Torre Eiffel em Paris<\/figcaption><\/figure>\n\n\n\n<p>Caf\u00e9 da manh\u00e3 buffet. Hoje teremos a oportunidade de realizar v\u00e1rias visitas e atra\u00e7\u00f5es, as quais nos dar\u00e3o uma excelente perspectiva de Paris. Iniciaremos com a <a href=\"https:\/\/www.civitatis.com\/br\/paris\/tour-noturno-onibus\/?ag_aid=42169\" target=\"_blank\" rel=\"noreferrer noopener\">visita panor\u00e2mica da cidade<\/a>, durante a qual veremos: a Catedral de Notre Dame, obra-prima da arte medieval, o Quartier Latin, a Sorbonne, o Pante\u00e3o de Homens Ilustres, onde se encontra o t\u00famulo de Napole\u00e3o, o Pal\u00e1cio e os Jardins de Luxemburgo, a <a href=\"https:\/\/www.civitatis.com\/br\/paris\/tour-paris-cruzeiro-torre-eiffel\/?ag_aid=42169\" target=\"_blank\" rel=\"noreferrer noopener\">Torre Eiffel<\/a>, s\u00edmbolo de Paris e da Fran\u00e7a, a Pra\u00e7a da Conc\u00f3rdia, a Pra\u00e7a l&#8217;\u00c9toile com o Arco do Triunfo, a Pra\u00e7a Vendome, a \u00d3pera Garnier, etc. \u00c0 tarde, poderemos embarcar opcionalmente nos famosos &#8220;bateaux mouches&#8221;, para realizar um <a href=\"https:\/\/www.civitatis.com\/br\/paris\/passeio-barco-sena\/?ag_aid=42169\" target=\"_blank\" rel=\"noreferrer noopener\">passeio de barco ao longo do rio Sena<\/a>. Tarde livre. Ofereceremos, tamb\u00e9m, (<strong>opcionalmente<\/strong>), subir ao 2\u00ba andar da famosa Torre Eiffel, desde onde teremos uma vista \u00fanica da incr\u00edvel e grande cidade que \u00e9 Paris.Terminaremos o dia com um passeio a p\u00e9 por Montmartre e a Pra\u00e7a Tertre, com seus retratistas, e a Sacr\u00e9 Coeur. Hospedagem. \u00c0 noite sa\u00edda para realizar o (<strong>opcional<\/strong>) Paris Iluminada.<br><br><strong>14\u00b0 dia &#8211; Paris \/ Versalhes \/ Paris<\/strong><\/p>\n\n\n\n<figure class=\"wp-block-image size-large\"><img decoding=\"async\" width=\"1024\" height=\"683\" data-src=\"https:\/\/macaritravel.com\/blog\/wp-content\/uploads\/2022\/10\/Versalhes-1024x683.jpg\" alt=\"\" class=\"wp-image-1074 lazyload\" data-srcset=\"https:\/\/macaritravel.com\/blog\/wp-content\/uploads\/2022\/10\/Versalhes-1024x683.jpg 1024w, https:\/\/macaritravel.com\/blog\/wp-content\/uploads\/2022\/10\/Versalhes-300x200.jpg 300w, https:\/\/macaritravel.com\/blog\/wp-content\/uploads\/2022\/10\/Versalhes-768x512.jpg 768w, https:\/\/macaritravel.com\/blog\/wp-content\/uploads\/2022\/10\/Versalhes-1536x1024.jpg 1536w, https:\/\/macaritravel.com\/blog\/wp-content\/uploads\/2022\/10\/Versalhes-1200x800.jpg 1200w, https:\/\/macaritravel.com\/blog\/wp-content\/uploads\/2022\/10\/Versalhes.jpg 1731w\" data-sizes=\"(max-width: 1024px) 100vw, 1024px\" src=\"data:image\/svg+xml;base64,PHN2ZyB3aWR0aD0iMSIgaGVpZ2h0PSIxIiB4bWxucz0iaHR0cDovL3d3dy53My5vcmcvMjAwMC9zdmciPjwvc3ZnPg==\" style=\"--smush-placeholder-width: 1024px; --smush-placeholder-aspect-ratio: 1024\/683;\" \/><figcaption>Pal\u00e1cio de <strong>Versalhes<\/strong><\/figcaption><\/figure>\n\n\n\n<p>Caf\u00e9 da manh\u00e3 buffet. <a href=\"https:\/\/www.civitatis.com\/br\/paris\/excursao-palacio-versalhes\/?ag_aid=42169\" target=\"_blank\" rel=\"noreferrer noopener\">Passeio ao Pal\u00e1cio de Versalhes<\/a>, o mais suntuoso do mundo, que lembra a gl\u00f3ria da antiga corte francesa e fiel reflexo da vontade de um rei, Lu\u00eds XIV, o Rei Sol. Destacam-se seus belos jardins e chafarizes, al\u00e9m da maravilhosa Galeria dos Espelhos. A tarde sugerimos uma visita ao Museu do Louvre: Um dos maiores museus do mundo, zeloso guardi\u00e3o do sorriso enigm\u00e1tico da Mona Lisa. Museu de Arte Moderna, do Centro Pompidou. Museu D\u00b4Orsay, com uma valiosa cole\u00e7\u00e3o dos melhores quadros impressionistas.<br><br><strong>15\u00b0 dia &#8211; Paris<\/strong><br>Caf\u00e9 da manh\u00e3 buffet. Dia livre para <strong><a href=\"https:\/\/www.civitatis.com\/br\/paris\/onibus-turistico-paris\/?ag_aid=42169\" target=\"_blank\" rel=\"noreferrer noopener\">atividades pessoais<\/a><\/strong>.<br><br><strong>16\u00b0 dia &#8211; Paris \/ Brasil<\/strong><br>Caf\u00e9 da manh\u00e3 no hotel. Em hor\u00e1rio determinado, traslado privativo para o aeroporto. Embarque em voo com conex\u00e3o para a cidade de origem.<br><\/p>\n\n\n\n<p>Gostou da nossa sugest\u00e3o de roteiro? E que tal j\u00e1 garantir esta viagem maravilhosa para sua pr\u00f3xima viagem? Entre em contato agora mesmo com a Macari Travel para fazer sua reserva.<\/p>\n\n\n\n<div class=\"ictab-main-container-wrap ictab-clearfix ictab-bgsection-custom\" id=\"ictab-random-814688343\" style=\"width:;height:;\">\r\n    <div class=\"ictab-available-template-wrap ictab-template3\">\r\n          <div class=\"ictab-inner-wrapper ictab-bgcolor-wrap ictab-parallax-enabled ictab-parallax-for-videos-fixes\"  style=\"background-color:#dd9933\">   \r\n                            <div class=\"ictab-common-overlay\"><\/div>\r\n                                    <div class=\"ictab-single-content-wrapper\">\r\n<div class=\"ictab-content-wrap-section\">\r\n <div class=\"ictab-header-text-wrap wow animated fadeInRight\">\r\n <h3>Macari Travel <\/h3>\r\n<\/div>\r\n\r\n <div class=\"ictab-description-content-wrap wow animated fadeInUp\">\r\n  Viagens incr\u00edveis? Somos especialistas!<\/div>\r\n <div class=\"ictab-ctabbutton-wrap\">\r\n <div class=\"ictab-btn-wrap ictab-button-wrap  wow animated fadeInLeft\" id=\"ictab-btn1-821204744\">\r\n   <div class=\"ictab-button-main-wrap \">\r\n    <a href=\"https:\/\/app.leadster.com.br\/capture\/nhN7xpHVG0c89b64\"   \r\n      class=\"ictab-btn-tag ictab_show_both ictab-external-btn-type \r\n      button-shine\" target='_blank' data-text=\"Entre em Contato\">\r\n        <span data-text='Entre em Contato'>Entre em Contato<\/span>    <\/a>\r\n   <\/div>\r\n<\/div>\r\n<style>\r\n<\/style>\r\n<\/div>   <\/div>\r\n<\/div>\r\n         <\/div>\r\n    <\/div>\r\n<style type='text\/css' media='all'>\r\n.ictab-main-container-wrap#ictab-random-814688343 .ictab-header-text-wrap h3 {  }\r\n\r\n\r\n    <\/style>\r\n<style type='text\/css' media='all'>\r\n#ictab-random-814688343 .ictab-template3 .ictab-content-wrap-section:before{\r\nbackground-color:#ddb033;\r\n}\r\n#ictab-random-814688343 .ictab-template4 .ictab-inner-wrapper .ictab-content-wrap-section{\r\nbackground:#ddb033;\r\n}\r\n\r\n#ictab-random-814688343 .ictab-template36 .ictab-double-content-wrapper .ictab-content-wrap-section .ictab-left-content-wrap{\r\n   background:#ddb033; \r\n}\r\n<\/style>\r\n<\/div>\n\n\n","protected":false},"excerpt":{"rendered":"<p>A Primavera na Holanda \u00e9 um verdadeiro espet\u00e1culo. O pa\u00eds, famoso pelos <strong>campos de tulipas e moinhos de vento<\/strong>, \u00e9 lindo o ano inteiro. Mas nesta esta\u00e7\u00e3o o destino fica ainda mais surpreendente. Para quem adora flores, lindas paisagens, dias de sol e temperaturas amenas, este \u00e9 o lugar perfeito para a sua pr\u00f3xima viagem. Quer conhecer a Holanda na primavera? Confira esta sugest\u00e3o de roteiro criada pelos especialistas da Macari Travel e da Cativa Operadora. Vem com a gente!<\/p>\n","protected":false},"author":1,"featured_media":1065,"comment_status":"open","ping_status":"closed","sticky":false,"template":"","format":"standard","meta":{"sfsi_plus_gutenberg_text_before_share":"","sfsi_plus_gutenberg_show_text_before_share":"","sfsi_plus_gutenberg_icon_type":"","sfsi_plus_gutenberg_icon_alignemt":"","sfsi_plus_gutenburg_max_per_row":"","episode_type":"","audio_file":"","podmotor_file_id":"","podmotor_episode_id":"","cover_image":"","cover_image_id":"","duration":"","filesize":"","filesize_raw":"","date_recorded":"","explicit":"","block":"","itunes_episode_number":"","itunes_title":"","itunes_season_number":"","itunes_episode_type":"","jetpack_post_was_ever_published":false,"_jetpack_newsletter_access":"","_jetpack_dont_email_post_to_subs":false,"_jetpack_newsletter_tier_id":0,"_jetpack_memberships_contains_paywalled_content":false,"_jetpack_memberships_contains_paid_content":false,"footnotes":"","jetpack_publicize_message":"","jetpack_publicize_feature_enabled":true,"jetpack_social_post_already_shared":true,"jetpack_social_options":{"image_generator_settings":{"template":"highway","default_image_id":0,"font":"","enabled":false},"version":2}},"categories":[17,111,19],"tags":[15,114,8,112,113,14,20],"class_list":["post-1064","post","type-post","status-publish","format-standard","has-post-thumbnail","hentry","category-europa","category-holanda","category-roteiros","tag-europa","tag-flores","tag-florida","tag-holanda","tag-primavera","tag-roteiro","tag-viagem"],"yoast_head":"<!-- This site is optimized with the Yoast SEO plugin v27.5 - https:\/\/yoast.com\/product\/yoast-seo-wordpress\/ -->\n<title>Viajando para a Holanda na Primavera - Macari Travel Blog<\/title>\n<meta name=\"description\" content=\"A Primavera na Holanda \u00e9 um verdadeiro espet\u00e1culo. O pa\u00eds, famoso pelos campos de tulipas e moinhos de vento, \u00e9 lindo o ano inteiro. Mas nesta esta\u00e7\u00e3o o destino fica ainda mais surpreendente. Para quem adora flores, lindas paisagens, dias de sol e temperaturas amenas, este \u00e9 o lugar perfeito para a sua pr\u00f3xima viagem. Quer conhecer a Holanda na primavera? Confira esta sugest\u00e3o de roteiro criada pelos especialistas da Macari Travel e da Cativa Operadora. Vem com a gente!\" \/>\n<meta name=\"robots\" content=\"index, follow, max-snippet:-1, max-image-preview:large, max-video-preview:-1\" \/>\n<link rel=\"canonical\" href=\"https:\/\/macaritravel.com\/blog\/viajando-para-a-holanda-na-primavera\/\" \/>\n<meta property=\"og:locale\" content=\"pt_BR\" \/>\n<meta property=\"og:type\" content=\"article\" \/>\n<meta property=\"og:title\" content=\"Viajando para a Holanda na Primavera - Macari Travel Blog\" \/>\n<meta property=\"og:description\" content=\"A Primavera na Holanda \u00e9 um verdadeiro espet\u00e1culo. O pa\u00eds, famoso pelos campos de tulipas e moinhos de vento, \u00e9 lindo o ano inteiro. Mas nesta esta\u00e7\u00e3o o destino fica ainda mais surpreendente. Para quem adora flores, lindas paisagens, dias de sol e temperaturas amenas, este \u00e9 o lugar perfeito para a sua pr\u00f3xima viagem. Quer conhecer a Holanda na primavera? Confira esta sugest\u00e3o de roteiro criada pelos especialistas da Macari Travel e da Cativa Operadora. Vem com a gente!\" \/>\n<meta property=\"og:url\" content=\"https:\/\/macaritravel.com\/blog\/viajando-para-a-holanda-na-primavera\/\" \/>\n<meta property=\"og:site_name\" content=\"Macari Travel Blog\" \/>\n<meta property=\"article:publisher\" content=\"https:\/\/www.facebook.com\/MacariTravel\" \/>\n<meta property=\"article:author\" content=\"http:\/\/facebook.com\/macaritravel\" \/>\n<meta property=\"article:published_time\" content=\"2022-10-26T14:17:02+00:00\" \/>\n<meta property=\"article:modified_time\" content=\"2022-10-26T15:30:53+00:00\" \/>\n<meta property=\"og:image\" content=\"https:\/\/macaritravel.com\/blog\/wp-content\/uploads\/2022\/10\/holanda.webp\" \/>\n\t<meta property=\"og:image:width\" content=\"2400\" \/>\n\t<meta property=\"og:image:height\" content=\"1576\" \/>\n\t<meta property=\"og:image:type\" content=\"image\/webp\" \/>\n<meta name=\"author\" content=\"Macari Travel\" \/>\n<meta name=\"twitter:card\" content=\"summary_large_image\" \/>\n<meta name=\"twitter:label1\" content=\"Escrito por\" \/>\n\t<meta name=\"twitter:data1\" content=\"Macari Travel\" \/>\n\t<meta name=\"twitter:label2\" content=\"Est. tempo de leitura\" \/>\n\t<meta name=\"twitter:data2\" content=\"12 minutos\" \/>\n<script type=\"application\/ld+json\" class=\"yoast-schema-graph\">{\"@context\":\"https:\\\/\\\/schema.org\",\"@graph\":[{\"@type\":\"Article\",\"@id\":\"https:\\\/\\\/macaritravel.com\\\/blog\\\/viajando-para-a-holanda-na-primavera\\\/#article\",\"isPartOf\":{\"@id\":\"https:\\\/\\\/macaritravel.com\\\/blog\\\/viajando-para-a-holanda-na-primavera\\\/\"},\"author\":{\"name\":\"Macari Travel\",\"@id\":\"https:\\\/\\\/macaritravel.com\\\/blog\\\/#\\\/schema\\\/person\\\/e9960ec20c60bd30337fd00b82f2a928\"},\"headline\":\"Viajando para a Holanda na Primavera\",\"datePublished\":\"2022-10-26T14:17:02+00:00\",\"dateModified\":\"2022-10-26T15:30:53+00:00\",\"mainEntityOfPage\":{\"@id\":\"https:\\\/\\\/macaritravel.com\\\/blog\\\/viajando-para-a-holanda-na-primavera\\\/\"},\"wordCount\":1938,\"commentCount\":0,\"publisher\":{\"@id\":\"https:\\\/\\\/macaritravel.com\\\/blog\\\/#organization\"},\"image\":{\"@id\":\"https:\\\/\\\/macaritravel.com\\\/blog\\\/viajando-para-a-holanda-na-primavera\\\/#primaryimage\"},\"thumbnailUrl\":\"https:\\\/\\\/macaritravel.com\\\/blog\\\/wp-content\\\/uploads\\\/2022\\\/10\\\/holanda.webp\",\"keywords\":[\"Europa\",\"FLores\",\"florida\",\"Holanda\",\"Primavera\",\"Roteiro\",\"Viagem\"],\"articleSection\":[\"Europa\",\"Holanda\",\"Roteiros\"],\"inLanguage\":\"pt-BR\",\"potentialAction\":[{\"@type\":\"CommentAction\",\"name\":\"Comment\",\"target\":[\"https:\\\/\\\/macaritravel.com\\\/blog\\\/viajando-para-a-holanda-na-primavera\\\/#respond\"]}]},{\"@type\":\"WebPage\",\"@id\":\"https:\\\/\\\/macaritravel.com\\\/blog\\\/viajando-para-a-holanda-na-primavera\\\/\",\"url\":\"https:\\\/\\\/macaritravel.com\\\/blog\\\/viajando-para-a-holanda-na-primavera\\\/\",\"name\":\"Viajando para a Holanda na Primavera - Macari Travel Blog\",\"isPartOf\":{\"@id\":\"https:\\\/\\\/macaritravel.com\\\/blog\\\/#website\"},\"primaryImageOfPage\":{\"@id\":\"https:\\\/\\\/macaritravel.com\\\/blog\\\/viajando-para-a-holanda-na-primavera\\\/#primaryimage\"},\"image\":{\"@id\":\"https:\\\/\\\/macaritravel.com\\\/blog\\\/viajando-para-a-holanda-na-primavera\\\/#primaryimage\"},\"thumbnailUrl\":\"https:\\\/\\\/macaritravel.com\\\/blog\\\/wp-content\\\/uploads\\\/2022\\\/10\\\/holanda.webp\",\"datePublished\":\"2022-10-26T14:17:02+00:00\",\"dateModified\":\"2022-10-26T15:30:53+00:00\",\"description\":\"A Primavera na Holanda \u00e9 um verdadeiro espet\u00e1culo. O pa\u00eds, famoso pelos campos de tulipas e moinhos de vento, \u00e9 lindo o ano inteiro. Mas nesta esta\u00e7\u00e3o o destino fica ainda mais surpreendente. Para quem adora flores, lindas paisagens, dias de sol e temperaturas amenas, este \u00e9 o lugar perfeito para a sua pr\u00f3xima viagem. Quer conhecer a Holanda na primavera? Confira esta sugest\u00e3o de roteiro criada pelos especialistas da Macari Travel e da Cativa Operadora. Vem com a gente!\",\"breadcrumb\":{\"@id\":\"https:\\\/\\\/macaritravel.com\\\/blog\\\/viajando-para-a-holanda-na-primavera\\\/#breadcrumb\"},\"inLanguage\":\"pt-BR\",\"potentialAction\":[{\"@type\":\"ReadAction\",\"target\":[\"https:\\\/\\\/macaritravel.com\\\/blog\\\/viajando-para-a-holanda-na-primavera\\\/\"]}]},{\"@type\":\"ImageObject\",\"inLanguage\":\"pt-BR\",\"@id\":\"https:\\\/\\\/macaritravel.com\\\/blog\\\/viajando-para-a-holanda-na-primavera\\\/#primaryimage\",\"url\":\"https:\\\/\\\/macaritravel.com\\\/blog\\\/wp-content\\\/uploads\\\/2022\\\/10\\\/holanda.webp\",\"contentUrl\":\"https:\\\/\\\/macaritravel.com\\\/blog\\\/wp-content\\\/uploads\\\/2022\\\/10\\\/holanda.webp\",\"width\":2400,\"height\":1576},{\"@type\":\"BreadcrumbList\",\"@id\":\"https:\\\/\\\/macaritravel.com\\\/blog\\\/viajando-para-a-holanda-na-primavera\\\/#breadcrumb\",\"itemListElement\":[{\"@type\":\"ListItem\",\"position\":1,\"name\":\"In\u00edcio\",\"item\":\"https:\\\/\\\/macaritravel.com\\\/blog\\\/\"},{\"@type\":\"ListItem\",\"position\":2,\"name\":\"Viajando para a Holanda na Primavera\"}]},{\"@type\":\"WebSite\",\"@id\":\"https:\\\/\\\/macaritravel.com\\\/blog\\\/#website\",\"url\":\"https:\\\/\\\/macaritravel.com\\\/blog\\\/\",\"name\":\"Blog da Macari Travel\",\"description\":\"Blog Oficial da Macari Travel\",\"publisher\":{\"@id\":\"https:\\\/\\\/macaritravel.com\\\/blog\\\/#organization\"},\"potentialAction\":[{\"@type\":\"SearchAction\",\"target\":{\"@type\":\"EntryPoint\",\"urlTemplate\":\"https:\\\/\\\/macaritravel.com\\\/blog\\\/?s={search_term_string}\"},\"query-input\":{\"@type\":\"PropertyValueSpecification\",\"valueRequired\":true,\"valueName\":\"search_term_string\"}}],\"inLanguage\":\"pt-BR\"},{\"@type\":\"Organization\",\"@id\":\"https:\\\/\\\/macaritravel.com\\\/blog\\\/#organization\",\"name\":\"Macari Travel\",\"url\":\"https:\\\/\\\/macaritravel.com\\\/blog\\\/\",\"logo\":{\"@type\":\"ImageObject\",\"inLanguage\":\"pt-BR\",\"@id\":\"https:\\\/\\\/macaritravel.com\\\/blog\\\/#\\\/schema\\\/logo\\\/image\\\/\",\"url\":\"https:\\\/\\\/macaritravel.com\\\/blog\\\/wp-content\\\/uploads\\\/2022\\\/10\\\/Logo-MT-Oficial.png\",\"contentUrl\":\"https:\\\/\\\/macaritravel.com\\\/blog\\\/wp-content\\\/uploads\\\/2022\\\/10\\\/Logo-MT-Oficial.png\",\"width\":1350,\"height\":600,\"caption\":\"Macari Travel\"},\"image\":{\"@id\":\"https:\\\/\\\/macaritravel.com\\\/blog\\\/#\\\/schema\\\/logo\\\/image\\\/\"},\"sameAs\":[\"https:\\\/\\\/www.facebook.com\\\/MacariTravel\",\"https:\\\/\\\/www.instagram.com\\\/macari_travel\\\/\"]},{\"@type\":\"Person\",\"@id\":\"https:\\\/\\\/macaritravel.com\\\/blog\\\/#\\\/schema\\\/person\\\/e9960ec20c60bd30337fd00b82f2a928\",\"name\":\"Macari Travel\",\"image\":{\"@type\":\"ImageObject\",\"inLanguage\":\"pt-BR\",\"@id\":\"https:\\\/\\\/macaritravel.com\\\/blog\\\/wp-content\\\/uploads\\\/2024\\\/04\\\/Logo-redondo-com-fundo-branco-maior-150x150.png\",\"url\":\"https:\\\/\\\/macaritravel.com\\\/blog\\\/wp-content\\\/uploads\\\/2024\\\/04\\\/Logo-redondo-com-fundo-branco-maior-150x150.png\",\"contentUrl\":\"https:\\\/\\\/macaritravel.com\\\/blog\\\/wp-content\\\/uploads\\\/2024\\\/04\\\/Logo-redondo-com-fundo-branco-maior-150x150.png\",\"caption\":\"Macari Travel\"},\"description\":\"Dispomos de consultores com uma m\u00e9dia de 20 anos de experi\u00eancia e paix\u00e3o por viagens, que ir\u00e3o trabalhar os detalhes e criar f\u00e9rias inesquec\u00edveis.\",\"sameAs\":[\"https:\\\/\\\/macaritravel.com\\\/blog\",\"http:\\\/\\\/facebook.com\\\/macaritravel\",\"http:\\\/\\\/instagram.com\\\/macari_travel\"],\"url\":\"https:\\\/\\\/macaritravel.com\\\/blog\\\/author\\\/macari\\\/\"}]}<\/script>\n<!-- \/ Yoast SEO plugin. -->","yoast_head_json":{"title":"Viajando para a Holanda na Primavera - Macari Travel Blog","description":"A Primavera na Holanda \u00e9 um verdadeiro espet\u00e1culo. O pa\u00eds, famoso pelos campos de tulipas e moinhos de vento, \u00e9 lindo o ano inteiro. Mas nesta esta\u00e7\u00e3o o destino fica ainda mais surpreendente. Para quem adora flores, lindas paisagens, dias de sol e temperaturas amenas, este \u00e9 o lugar perfeito para a sua pr\u00f3xima viagem. Quer conhecer a Holanda na primavera? Confira esta sugest\u00e3o de roteiro criada pelos especialistas da Macari Travel e da Cativa Operadora. Vem com a gente!","robots":{"index":"index","follow":"follow","max-snippet":"max-snippet:-1","max-image-preview":"max-image-preview:large","max-video-preview":"max-video-preview:-1"},"canonical":"https:\/\/macaritravel.com\/blog\/viajando-para-a-holanda-na-primavera\/","og_locale":"pt_BR","og_type":"article","og_title":"Viajando para a Holanda na Primavera - Macari Travel Blog","og_description":"A Primavera na Holanda \u00e9 um verdadeiro espet\u00e1culo. O pa\u00eds, famoso pelos campos de tulipas e moinhos de vento, \u00e9 lindo o ano inteiro. Mas nesta esta\u00e7\u00e3o o destino fica ainda mais surpreendente. Para quem adora flores, lindas paisagens, dias de sol e temperaturas amenas, este \u00e9 o lugar perfeito para a sua pr\u00f3xima viagem. Quer conhecer a Holanda na primavera? Confira esta sugest\u00e3o de roteiro criada pelos especialistas da Macari Travel e da Cativa Operadora. Vem com a gente!","og_url":"https:\/\/macaritravel.com\/blog\/viajando-para-a-holanda-na-primavera\/","og_site_name":"Macari Travel Blog","article_publisher":"https:\/\/www.facebook.com\/MacariTravel","article_author":"http:\/\/facebook.com\/macaritravel","article_published_time":"2022-10-26T14:17:02+00:00","article_modified_time":"2022-10-26T15:30:53+00:00","og_image":[{"width":2400,"height":1576,"url":"https:\/\/macaritravel.com\/blog\/wp-content\/uploads\/2022\/10\/holanda.webp","type":"image\/webp"}],"author":"Macari Travel","twitter_card":"summary_large_image","twitter_misc":{"Escrito por":"Macari Travel","Est. tempo de leitura":"12 minutos"},"schema":{"@context":"https:\/\/schema.org","@graph":[{"@type":"Article","@id":"https:\/\/macaritravel.com\/blog\/viajando-para-a-holanda-na-primavera\/#article","isPartOf":{"@id":"https:\/\/macaritravel.com\/blog\/viajando-para-a-holanda-na-primavera\/"},"author":{"name":"Macari Travel","@id":"https:\/\/macaritravel.com\/blog\/#\/schema\/person\/e9960ec20c60bd30337fd00b82f2a928"},"headline":"Viajando para a Holanda na Primavera","datePublished":"2022-10-26T14:17:02+00:00","dateModified":"2022-10-26T15:30:53+00:00","mainEntityOfPage":{"@id":"https:\/\/macaritravel.com\/blog\/viajando-para-a-holanda-na-primavera\/"},"wordCount":1938,"commentCount":0,"publisher":{"@id":"https:\/\/macaritravel.com\/blog\/#organization"},"image":{"@id":"https:\/\/macaritravel.com\/blog\/viajando-para-a-holanda-na-primavera\/#primaryimage"},"thumbnailUrl":"https:\/\/macaritravel.com\/blog\/wp-content\/uploads\/2022\/10\/holanda.webp","keywords":["Europa","FLores","florida","Holanda","Primavera","Roteiro","Viagem"],"articleSection":["Europa","Holanda","Roteiros"],"inLanguage":"pt-BR","potentialAction":[{"@type":"CommentAction","name":"Comment","target":["https:\/\/macaritravel.com\/blog\/viajando-para-a-holanda-na-primavera\/#respond"]}]},{"@type":"WebPage","@id":"https:\/\/macaritravel.com\/blog\/viajando-para-a-holanda-na-primavera\/","url":"https:\/\/macaritravel.com\/blog\/viajando-para-a-holanda-na-primavera\/","name":"Viajando para a Holanda na Primavera - Macari Travel Blog","isPartOf":{"@id":"https:\/\/macaritravel.com\/blog\/#website"},"primaryImageOfPage":{"@id":"https:\/\/macaritravel.com\/blog\/viajando-para-a-holanda-na-primavera\/#primaryimage"},"image":{"@id":"https:\/\/macaritravel.com\/blog\/viajando-para-a-holanda-na-primavera\/#primaryimage"},"thumbnailUrl":"https:\/\/macaritravel.com\/blog\/wp-content\/uploads\/2022\/10\/holanda.webp","datePublished":"2022-10-26T14:17:02+00:00","dateModified":"2022-10-26T15:30:53+00:00","description":"A Primavera na Holanda \u00e9 um verdadeiro espet\u00e1culo. O pa\u00eds, famoso pelos campos de tulipas e moinhos de vento, \u00e9 lindo o ano inteiro. Mas nesta esta\u00e7\u00e3o o destino fica ainda mais surpreendente. Para quem adora flores, lindas paisagens, dias de sol e temperaturas amenas, este \u00e9 o lugar perfeito para a sua pr\u00f3xima viagem. Quer conhecer a Holanda na primavera? Confira esta sugest\u00e3o de roteiro criada pelos especialistas da Macari Travel e da Cativa Operadora. Vem com a gente!","breadcrumb":{"@id":"https:\/\/macaritravel.com\/blog\/viajando-para-a-holanda-na-primavera\/#breadcrumb"},"inLanguage":"pt-BR","potentialAction":[{"@type":"ReadAction","target":["https:\/\/macaritravel.com\/blog\/viajando-para-a-holanda-na-primavera\/"]}]},{"@type":"ImageObject","inLanguage":"pt-BR","@id":"https:\/\/macaritravel.com\/blog\/viajando-para-a-holanda-na-primavera\/#primaryimage","url":"https:\/\/macaritravel.com\/blog\/wp-content\/uploads\/2022\/10\/holanda.webp","contentUrl":"https:\/\/macaritravel.com\/blog\/wp-content\/uploads\/2022\/10\/holanda.webp","width":2400,"height":1576},{"@type":"BreadcrumbList","@id":"https:\/\/macaritravel.com\/blog\/viajando-para-a-holanda-na-primavera\/#breadcrumb","itemListElement":[{"@type":"ListItem","position":1,"name":"In\u00edcio","item":"https:\/\/macaritravel.com\/blog\/"},{"@type":"ListItem","position":2,"name":"Viajando para a Holanda na Primavera"}]},{"@type":"WebSite","@id":"https:\/\/macaritravel.com\/blog\/#website","url":"https:\/\/macaritravel.com\/blog\/","name":"Blog da Macari Travel","description":"Blog Oficial da Macari Travel","publisher":{"@id":"https:\/\/macaritravel.com\/blog\/#organization"},"potentialAction":[{"@type":"SearchAction","target":{"@type":"EntryPoint","urlTemplate":"https:\/\/macaritravel.com\/blog\/?s={search_term_string}"},"query-input":{"@type":"PropertyValueSpecification","valueRequired":true,"valueName":"search_term_string"}}],"inLanguage":"pt-BR"},{"@type":"Organization","@id":"https:\/\/macaritravel.com\/blog\/#organization","name":"Macari Travel","url":"https:\/\/macaritravel.com\/blog\/","logo":{"@type":"ImageObject","inLanguage":"pt-BR","@id":"https:\/\/macaritravel.com\/blog\/#\/schema\/logo\/image\/","url":"https:\/\/macaritravel.com\/blog\/wp-content\/uploads\/2022\/10\/Logo-MT-Oficial.png","contentUrl":"https:\/\/macaritravel.com\/blog\/wp-content\/uploads\/2022\/10\/Logo-MT-Oficial.png","width":1350,"height":600,"caption":"Macari Travel"},"image":{"@id":"https:\/\/macaritravel.com\/blog\/#\/schema\/logo\/image\/"},"sameAs":["https:\/\/www.facebook.com\/MacariTravel","https:\/\/www.instagram.com\/macari_travel\/"]},{"@type":"Person","@id":"https:\/\/macaritravel.com\/blog\/#\/schema\/person\/e9960ec20c60bd30337fd00b82f2a928","name":"Macari Travel","image":{"@type":"ImageObject","inLanguage":"pt-BR","@id":"https:\/\/macaritravel.com\/blog\/wp-content\/uploads\/2024\/04\/Logo-redondo-com-fundo-branco-maior-150x150.png","url":"https:\/\/macaritravel.com\/blog\/wp-content\/uploads\/2024\/04\/Logo-redondo-com-fundo-branco-maior-150x150.png","contentUrl":"https:\/\/macaritravel.com\/blog\/wp-content\/uploads\/2024\/04\/Logo-redondo-com-fundo-branco-maior-150x150.png","caption":"Macari Travel"},"description":"Dispomos de consultores com uma m\u00e9dia de 20 anos de experi\u00eancia e paix\u00e3o por viagens, que ir\u00e3o trabalhar os detalhes e criar f\u00e9rias inesquec\u00edveis.","sameAs":["https:\/\/macaritravel.com\/blog","http:\/\/facebook.com\/macaritravel","http:\/\/instagram.com\/macari_travel"],"url":"https:\/\/macaritravel.com\/blog\/author\/macari\/"}]}},"jetpack_publicize_connections":[],"jetpack_featured_media_url":"https:\/\/macaritravel.com\/blog\/wp-content\/uploads\/2022\/10\/holanda.webp","jetpack_sharing_enabled":true,"_links":{"self":[{"href":"https:\/\/macaritravel.com\/blog\/wp-json\/wp\/v2\/posts\/1064","targetHints":{"allow":["GET"]}}],"collection":[{"href":"https:\/\/macaritravel.com\/blog\/wp-json\/wp\/v2\/posts"}],"about":[{"href":"https:\/\/macaritravel.com\/blog\/wp-json\/wp\/v2\/types\/post"}],"author":[{"embeddable":true,"href":"https:\/\/macaritravel.com\/blog\/wp-json\/wp\/v2\/users\/1"}],"replies":[{"embeddable":true,"href":"https:\/\/macaritravel.com\/blog\/wp-json\/wp\/v2\/comments?post=1064"}],"version-history":[{"count":0,"href":"https:\/\/macaritravel.com\/blog\/wp-json\/wp\/v2\/posts\/1064\/revisions"}],"wp:featuredmedia":[{"embeddable":true,"href":"https:\/\/macaritravel.com\/blog\/wp-json\/wp\/v2\/media\/1065"}],"wp:attachment":[{"href":"https:\/\/macaritravel.com\/blog\/wp-json\/wp\/v2\/media?parent=1064"}],"wp:term":[{"taxonomy":"category","embeddable":true,"href":"https:\/\/macaritravel.com\/blog\/wp-json\/wp\/v2\/categories?post=1064"},{"taxonomy":"post_tag","embeddable":true,"href":"https:\/\/macaritravel.com\/blog\/wp-json\/wp\/v2\/tags?post=1064"}],"curies":[{"name":"wp","href":"https:\/\/api.w.org\/{rel}","templated":true}]}}