{"id":114,"date":"2022-10-13T10:59:51","date_gmt":"2022-10-13T10:59:51","guid":{"rendered":"https:\/\/macaritravel.com\/blog\/?p=114"},"modified":"2022-10-26T14:45:58","modified_gmt":"2022-10-26T14:45:58","slug":"qual-a-melhor-epoca-para-ir-para-europa","status":"publish","type":"post","link":"https:\/\/macaritravel.com\/blog\/qual-a-melhor-epoca-para-ir-para-europa\/","title":{"rendered":"Qual a melhor \u00e9poca do ano para ir para Europa?"},"content":{"rendered":"\n<p>Se o seu sonho \u00e9 conhecer a Europa, o ideal \u00e9 ter em mente, primeiro, <strong>quais pa\u00edses deseja visitar<\/strong> e <strong>em qual \u00e9poca ser\u00e1 melhor viajar<\/strong>. Mas tome cuidado para n\u00e3o encher muito sua lista de roteiros!<\/p>\n\n\n\n<p>Nem sempre d\u00e1 para fazer tudo o que se quer, levando em considera\u00e7\u00e3o a dist\u00e2ncia e tamanho dos locais, o tempo e o dinheiro gastos nesses deslocamentos. <\/p>\n\n\n\n<p>Planeje passar pelo menos 3 dias em cada cidade a ser visitada, para que possa aproveitar as principais atra\u00e7\u00f5es e realmente conhecer o local. <\/p>\n\n\n\n<p>Veja abaixo como est\u00e3o definidas as temporadas na Europa e planeje sua viagem de acordo. <\/p>\n\n\n\n<h3 class=\"wp-block-heading\">Alta temporada na Europa<\/h3>\n\n\n\n<figure class=\"wp-block-image size-full\"><img decoding=\"async\" width=\"940\" height=\"529\" data-src=\"https:\/\/macaritravel.com\/blog\/wp-content\/uploads\/2022\/10\/vera\u0303o-europeu.jpg\" alt=\"\" class=\"wp-image-115 lazyload\" data-srcset=\"https:\/\/macaritravel.com\/blog\/wp-content\/uploads\/2022\/10\/vera\u0303o-europeu.jpg 940w, https:\/\/macaritravel.com\/blog\/wp-content\/uploads\/2022\/10\/vera\u0303o-europeu-300x169.jpg 300w, https:\/\/macaritravel.com\/blog\/wp-content\/uploads\/2022\/10\/vera\u0303o-europeu-768x432.jpg 768w\" data-sizes=\"(max-width: 940px) 100vw, 940px\" src=\"data:image\/svg+xml;base64,PHN2ZyB3aWR0aD0iMSIgaGVpZ2h0PSIxIiB4bWxucz0iaHR0cDovL3d3dy53My5vcmcvMjAwMC9zdmciPjwvc3ZnPg==\" style=\"--smush-placeholder-width: 940px; --smush-placeholder-aspect-ratio: 940\/529;\" \/><\/figure>\n\n\n\n<p>De meados do m\u00eas de junho at\u00e9 meados de setembro \u00e9 ver\u00e3o na Europa. Em agosto \u00e9 ainda mais movimentado, por ser per\u00edodo de f\u00e9rias para muita gente (como janeiro no Brasil).<\/p>\n\n\n\n<p>Geralmente n\u00e3o h\u00e1 chuvas no ver\u00e3o e faz muito calor, mesmo nos pa\u00edses mais frios. Mas poder\u00e3o haver dias mais frescos, tamb\u00e9m.<\/p>\n\n\n\n<p>Nessa \u00e9poca, os pre\u00e7os s\u00e3o mais altos, as cidades tur\u00edsticas tendem a ficar bem cheias e, ainda, os restaurantes podem requerer reservas.<\/p>\n\n\n\n<p>Caso opte por viajar neste per\u00edodo, planeje-se. \u00c9 poss\u00edvel reservar tudo com (muita) anteced\u00eancia.<\/p>\n\n\n\n<h3 class=\"wp-block-heading\">M\u00e9dia temporada em viagem pela Europa<\/h3>\n\n\n\n<figure class=\"wp-block-image size-full\"><img decoding=\"async\" width=\"1024\" height=\"682\" data-src=\"https:\/\/macaritravel.com\/blog\/wp-content\/uploads\/2022\/10\/primavera-europa.jpg\" alt=\"\" class=\"wp-image-116 lazyload\" data-srcset=\"https:\/\/macaritravel.com\/blog\/wp-content\/uploads\/2022\/10\/primavera-europa.jpg 1024w, https:\/\/macaritravel.com\/blog\/wp-content\/uploads\/2022\/10\/primavera-europa-300x200.jpg 300w, https:\/\/macaritravel.com\/blog\/wp-content\/uploads\/2022\/10\/primavera-europa-768x512.jpg 768w\" data-sizes=\"(max-width: 1024px) 100vw, 1024px\" src=\"data:image\/svg+xml;base64,PHN2ZyB3aWR0aD0iMSIgaGVpZ2h0PSIxIiB4bWxucz0iaHR0cDovL3d3dy53My5vcmcvMjAwMC9zdmciPjwvc3ZnPg==\" style=\"--smush-placeholder-width: 1024px; --smush-placeholder-aspect-ratio: 1024\/682;\" \/><\/figure>\n\n\n\n<p>A primavera na Europa \u00e9 encantadora, e pode ser uma \u00f3tima pedida viajar nesta \u00e9poca! Entre <strong>abril e maio<\/strong>, quando quase ningu\u00e9m est\u00e1 de f\u00e9rias, os lugares s\u00e3o mais agrad\u00e1veis.<\/p>\n\n\n\n<p>O sol aparece brilhante, deixando os dias mais longos. As flores enfeitam os jardins e as \u00e1rvores ficam mais verdes e exuberantes.<\/p>\n\n\n\n<p>Na primavera, n\u00e3o h\u00e1 uma presen\u00e7a marcante do frio ou do calor. Geralmente o <strong>clima \u00e9 bem mais ameno<\/strong>, variando um pouco de acordo com cada pa\u00eds \u2014 e <strong>os pre\u00e7os n\u00e3o s\u00e3o t\u00e3o altos<\/strong>.<\/p>\n\n\n\n<p>Ah, tamb\u00e9m n\u00e3o podemos nos esquecer de citar o outono na Europa, que vai do <strong>final de setembro at\u00e9 dezembro<\/strong>. Os pre\u00e7os tamb\u00e9m s\u00e3o mais amig\u00e1veis nesta \u00e9poca!<\/p>\n\n\n\n<p>Ao sul da Europa, ainda haver\u00e1 calor, e ao norte, o tempo \u00e9 mais fresco \u2014 o t\u00edpico friozinho de outono, mais ameno e sem neve ou chuva. Aproveite!<\/p>\n\n\n\n<h3 class=\"wp-block-heading\">Baixa temporada na Europa<\/h3>\n\n\n\n<figure class=\"wp-block-image size-full is-resized\"><img decoding=\"async\" data-src=\"https:\/\/macaritravel.com\/blog\/wp-content\/uploads\/2022\/10\/inverno-europa.jpg\" alt=\"\" class=\"wp-image-117 lazyload\" width=\"839\" height=\"493\" data-srcset=\"https:\/\/macaritravel.com\/blog\/wp-content\/uploads\/2022\/10\/inverno-europa.jpg 800w, https:\/\/macaritravel.com\/blog\/wp-content\/uploads\/2022\/10\/inverno-europa-300x176.jpg 300w, https:\/\/macaritravel.com\/blog\/wp-content\/uploads\/2022\/10\/inverno-europa-768x451.jpg 768w\" data-sizes=\"(max-width: 839px) 100vw, 839px\" src=\"data:image\/svg+xml;base64,PHN2ZyB3aWR0aD0iMSIgaGVpZ2h0PSIxIiB4bWxucz0iaHR0cDovL3d3dy53My5vcmcvMjAwMC9zdmciPjwvc3ZnPg==\" style=\"--smush-placeholder-width: 839px; --smush-placeholder-aspect-ratio: 839\/493;\" \/><\/figure>\n\n\n\n<p>Come\u00e7ando no <strong>final do m\u00eas de dezembro<\/strong>, \u00e9 baixa temporada e inverno na Europa. Os dias s\u00e3o mais curtos e frios, com chuva e neve em alguns locais.<\/p>\n\n\n\n<p>Ao norte da Europa, por\u00e9m, o frio chega antes, no final de setembro. A temperatura pode chegar abaixo de 10\u00baC. J\u00e1 nos pa\u00edses do sul, o frio demora um pouco a aparecer, chegando em novembro.<\/p>\n\n\n\n<p><strong>Se voc\u00ea quer fazer uma viagem para Europa barata, a melhor \u00e9poca \u00e9 esta<\/strong>. Os pre\u00e7os poder\u00e3o cair at\u00e9 pela metade, exceto nas semanas do Natal e do Ano Novo, consideradas altas temporadas.<\/p>\n\n\n\n<p>O inverno apresenta fins de tarde com uma bela e \u00fanica luz, que pode ser vista entre 15h e 16h. <\/p>\n\n\n\n<p>Em suma, o inverno tem suas vantagens e, bem agasalhado, voc\u00ea poder\u00e1 caminhar pelas ruas dos pa\u00edses e visitar atra\u00e7\u00f5es sem filas!<\/p>\n\n\n\n<p>Planejar uma viagem para a Europa pode parecer complicado, mas n\u00e3o precisa ser! Na Macari Travel temos consultores atenciosos e competentes que te ajudar\u00e3o a planejar o roteiro perfeito para voc\u00ea.<\/p>\n\n\n\n<figure class=\"wp-block-image size-full\"><a href=\"https:\/\/www.agentcars.com\/subsite\/pt?agency=macari-travel\" target=\"_blank\" rel=\"noreferrer noopener\"><img decoding=\"async\" width=\"850\" height=\"125\" data-src=\"https:\/\/macaritravel.com\/blog\/wp-content\/uploads\/2022\/10\/imagemrental.jpeg\" alt=\"\" class=\"wp-image-556 lazyload\" data-srcset=\"https:\/\/macaritravel.com\/blog\/wp-content\/uploads\/2022\/10\/imagemrental.jpeg 850w, https:\/\/macaritravel.com\/blog\/wp-content\/uploads\/2022\/10\/imagemrental-300x44.jpeg 300w, https:\/\/macaritravel.com\/blog\/wp-content\/uploads\/2022\/10\/imagemrental-768x113.jpeg 768w\" data-sizes=\"(max-width: 850px) 100vw, 850px\" src=\"data:image\/svg+xml;base64,PHN2ZyB3aWR0aD0iMSIgaGVpZ2h0PSIxIiB4bWxucz0iaHR0cDovL3d3dy53My5vcmcvMjAwMC9zdmciPjwvc3ZnPg==\" style=\"--smush-placeholder-width: 850px; --smush-placeholder-aspect-ratio: 850\/125;\" \/><\/a><\/figure>\n\n\n\n<div class=\"ictab-main-container-wrap ictab-clearfix ictab-bgsection-custom\" id=\"ictab-random-762991004\" style=\"width:;height:;\">\r\n    <div class=\"ictab-available-template-wrap ictab-template3\">\r\n          <div class=\"ictab-inner-wrapper ictab-bgcolor-wrap ictab-parallax-enabled ictab-parallax-for-videos-fixes\"  style=\"background-color:#dd9933\">   \r\n                            <div class=\"ictab-common-overlay\"><\/div>\r\n                                    <div class=\"ictab-single-content-wrapper\">\r\n<div class=\"ictab-content-wrap-section\">\r\n <div class=\"ictab-header-text-wrap wow animated fadeInRight\">\r\n <h3>Macari Travel <\/h3>\r\n<\/div>\r\n\r\n <div class=\"ictab-description-content-wrap wow animated fadeInUp\">\r\n  Viagens incr\u00edveis? Somos especialistas!<\/div>\r\n <div class=\"ictab-ctabbutton-wrap\">\r\n <div class=\"ictab-btn-wrap ictab-button-wrap  wow animated fadeInLeft\" id=\"ictab-btn1-821204744\">\r\n   <div class=\"ictab-button-main-wrap \">\r\n    <a href=\"https:\/\/app.leadster.com.br\/capture\/nhN7xpHVG0c89b64\"   \r\n      class=\"ictab-btn-tag ictab_show_both ictab-external-btn-type \r\n      button-shine\" target='_blank' data-text=\"Entre em Contato\">\r\n        <span data-text='Entre em Contato'>Entre em Contato<\/span>    <\/a>\r\n   <\/div>\r\n<\/div>\r\n<style>\r\n<\/style>\r\n<\/div>   <\/div>\r\n<\/div>\r\n         <\/div>\r\n    <\/div>\r\n<style type='text\/css' media='all'>\r\n.ictab-main-container-wrap#ictab-random-762991004 .ictab-header-text-wrap h3 {  }\r\n\r\n\r\n    <\/style>\r\n<style type='text\/css' media='all'>\r\n#ictab-random-762991004 .ictab-template3 .ictab-content-wrap-section:before{\r\nbackground-color:#ddb033;\r\n}\r\n#ictab-random-762991004 .ictab-template4 .ictab-inner-wrapper .ictab-content-wrap-section{\r\nbackground:#ddb033;\r\n}\r\n\r\n#ictab-random-762991004 .ictab-template36 .ictab-double-content-wrapper .ictab-content-wrap-section .ictab-left-content-wrap{\r\n   background:#ddb033; \r\n}\r\n<\/style>\r\n<\/div>\n\n\n","protected":false},"excerpt":{"rendered":"<p>Se o seu sonho \u00e9 conhecer a Europa, o ideal \u00e9 ter em mente, primeiro, quais pa\u00edses deseja visitar e em qual \u00e9poca ser\u00e1 melhor viajar. Mas tome&#8230; <\/p>\n","protected":false},"author":1,"featured_media":119,"comment_status":"open","ping_status":"closed","sticky":false,"template":"","format":"standard","meta":{"sfsi_plus_gutenberg_text_before_share":"","sfsi_plus_gutenberg_show_text_before_share":"","sfsi_plus_gutenberg_icon_type":"","sfsi_plus_gutenberg_icon_alignemt":"","sfsi_plus_gutenburg_max_per_row":"","episode_type":"","audio_file":"","podmotor_file_id":"","podmotor_episode_id":"","cover_image":"","cover_image_id":"","duration":"","filesize":"","filesize_raw":"","date_recorded":"","explicit":"","block":"","itunes_episode_number":"","itunes_title":"","itunes_season_number":"","itunes_episode_type":"","jetpack_post_was_ever_published":false,"_jetpack_newsletter_access":"","_jetpack_dont_email_post_to_subs":false,"_jetpack_newsletter_tier_id":0,"_jetpack_memberships_contains_paywalled_content":false,"_jetpack_memberships_contains_paid_content":false,"footnotes":"","jetpack_publicize_message":"","jetpack_publicize_feature_enabled":true,"jetpack_social_post_already_shared":false,"jetpack_social_options":{"image_generator_settings":{"template":"highway","default_image_id":0,"font":"","enabled":false},"version":2}},"categories":[22,17],"tags":[21,23,15,24,20],"class_list":["post-114","post","type-post","status-publish","format-standard","has-post-thumbnail","hentry","category-dicas","category-europa","tag-dicas","tag-estacoes-do-ano","tag-europa","tag-melhor-epoca","tag-viagem"],"yoast_head":"<!-- This site is optimized with the Yoast SEO plugin v27.5 - https:\/\/yoast.com\/product\/yoast-seo-wordpress\/ -->\n<title>Qual a melhor \u00e9poca do ano para ir para Europa? - Macari Travel Blog<\/title>\n<meta name=\"description\" content=\"Qual a melhor \u00e9poca para visitar a Europa? O ideal \u00e9 ter em mente, primeiro, quais pa\u00edses deseja visitar e em qual \u00e9poca ser\u00e1 melhor viajar. Tome cuidado para n\u00e3o encher muito sua lista de roteiros! Nem sempre d\u00e1 para fazer tudo o que se quer, levando em considera\u00e7\u00e3o a dist\u00e2ncia e tamanho dos locais, o tempo e o dinheiro gastos nesses deslocamentos!\" \/>\n<meta name=\"robots\" content=\"index, follow, max-snippet:-1, max-image-preview:large, max-video-preview:-1\" \/>\n<link rel=\"canonical\" href=\"https:\/\/macaritravel.com\/blog\/qual-a-melhor-epoca-para-ir-para-europa\/\" \/>\n<meta property=\"og:locale\" content=\"pt_BR\" \/>\n<meta property=\"og:type\" content=\"article\" \/>\n<meta property=\"og:title\" content=\"Qual a melhor \u00e9poca do ano para ir para Europa? - Macari Travel Blog\" \/>\n<meta property=\"og:description\" content=\"Qual a melhor \u00e9poca para visitar a Europa? O ideal \u00e9 ter em mente, primeiro, quais pa\u00edses deseja visitar e em qual \u00e9poca ser\u00e1 melhor viajar. Tome cuidado para n\u00e3o encher muito sua lista de roteiros! Nem sempre d\u00e1 para fazer tudo o que se quer, levando em considera\u00e7\u00e3o a dist\u00e2ncia e tamanho dos locais, o tempo e o dinheiro gastos nesses deslocamentos!\" \/>\n<meta property=\"og:url\" content=\"https:\/\/macaritravel.com\/blog\/qual-a-melhor-epoca-para-ir-para-europa\/\" \/>\n<meta property=\"og:site_name\" content=\"Macari Travel Blog\" \/>\n<meta property=\"article:publisher\" content=\"https:\/\/www.facebook.com\/MacariTravel\" \/>\n<meta property=\"article:author\" content=\"http:\/\/facebook.com\/macaritravel\" \/>\n<meta property=\"article:published_time\" content=\"2022-10-13T10:59:51+00:00\" \/>\n<meta property=\"article:modified_time\" content=\"2022-10-26T14:45:58+00:00\" \/>\n<meta property=\"og:image\" content=\"https:\/\/macaritravel.com\/blog\/wp-content\/uploads\/2022\/10\/primavera-europa-1.jpg\" \/>\n\t<meta property=\"og:image:width\" content=\"1024\" \/>\n\t<meta property=\"og:image:height\" content=\"682\" \/>\n\t<meta property=\"og:image:type\" content=\"image\/jpeg\" \/>\n<meta name=\"author\" content=\"Macari Travel\" \/>\n<meta name=\"twitter:card\" content=\"summary_large_image\" \/>\n<meta name=\"twitter:label1\" content=\"Escrito por\" \/>\n\t<meta name=\"twitter:data1\" content=\"Macari Travel\" \/>\n\t<meta name=\"twitter:label2\" content=\"Est. tempo de leitura\" \/>\n\t<meta name=\"twitter:data2\" content=\"4 minutos\" \/>\n<script type=\"application\/ld+json\" class=\"yoast-schema-graph\">{\"@context\":\"https:\\\/\\\/schema.org\",\"@graph\":[{\"@type\":\"Article\",\"@id\":\"https:\\\/\\\/macaritravel.com\\\/blog\\\/qual-a-melhor-epoca-para-ir-para-europa\\\/#article\",\"isPartOf\":{\"@id\":\"https:\\\/\\\/macaritravel.com\\\/blog\\\/qual-a-melhor-epoca-para-ir-para-europa\\\/\"},\"author\":{\"name\":\"Macari Travel\",\"@id\":\"https:\\\/\\\/macaritravel.com\\\/blog\\\/#\\\/schema\\\/person\\\/e9960ec20c60bd30337fd00b82f2a928\"},\"headline\":\"Qual a melhor \u00e9poca do ano para ir para Europa?\",\"datePublished\":\"2022-10-13T10:59:51+00:00\",\"dateModified\":\"2022-10-26T14:45:58+00:00\",\"mainEntityOfPage\":{\"@id\":\"https:\\\/\\\/macaritravel.com\\\/blog\\\/qual-a-melhor-epoca-para-ir-para-europa\\\/\"},\"wordCount\":568,\"commentCount\":1,\"publisher\":{\"@id\":\"https:\\\/\\\/macaritravel.com\\\/blog\\\/#organization\"},\"image\":{\"@id\":\"https:\\\/\\\/macaritravel.com\\\/blog\\\/qual-a-melhor-epoca-para-ir-para-europa\\\/#primaryimage\"},\"thumbnailUrl\":\"https:\\\/\\\/macaritravel.com\\\/blog\\\/wp-content\\\/uploads\\\/2022\\\/10\\\/primavera-europa-1.jpg\",\"keywords\":[\"Dicas\",\"Esta\u00e7\u00f5es do ano\",\"Europa\",\"Melhor \u00c9poca\",\"Viagem\"],\"articleSection\":[\"Dicas\",\"Europa\"],\"inLanguage\":\"pt-BR\",\"potentialAction\":[{\"@type\":\"CommentAction\",\"name\":\"Comment\",\"target\":[\"https:\\\/\\\/macaritravel.com\\\/blog\\\/qual-a-melhor-epoca-para-ir-para-europa\\\/#respond\"]}]},{\"@type\":\"WebPage\",\"@id\":\"https:\\\/\\\/macaritravel.com\\\/blog\\\/qual-a-melhor-epoca-para-ir-para-europa\\\/\",\"url\":\"https:\\\/\\\/macaritravel.com\\\/blog\\\/qual-a-melhor-epoca-para-ir-para-europa\\\/\",\"name\":\"Qual a melhor \u00e9poca do ano para ir para Europa? - Macari Travel Blog\",\"isPartOf\":{\"@id\":\"https:\\\/\\\/macaritravel.com\\\/blog\\\/#website\"},\"primaryImageOfPage\":{\"@id\":\"https:\\\/\\\/macaritravel.com\\\/blog\\\/qual-a-melhor-epoca-para-ir-para-europa\\\/#primaryimage\"},\"image\":{\"@id\":\"https:\\\/\\\/macaritravel.com\\\/blog\\\/qual-a-melhor-epoca-para-ir-para-europa\\\/#primaryimage\"},\"thumbnailUrl\":\"https:\\\/\\\/macaritravel.com\\\/blog\\\/wp-content\\\/uploads\\\/2022\\\/10\\\/primavera-europa-1.jpg\",\"datePublished\":\"2022-10-13T10:59:51+00:00\",\"dateModified\":\"2022-10-26T14:45:58+00:00\",\"description\":\"Qual a melhor \u00e9poca para visitar a Europa? O ideal \u00e9 ter em mente, primeiro, quais pa\u00edses deseja visitar e em qual \u00e9poca ser\u00e1 melhor viajar. Tome cuidado para n\u00e3o encher muito sua lista de roteiros! Nem sempre d\u00e1 para fazer tudo o que se quer, levando em considera\u00e7\u00e3o a dist\u00e2ncia e tamanho dos locais, o tempo e o dinheiro gastos nesses deslocamentos!\",\"breadcrumb\":{\"@id\":\"https:\\\/\\\/macaritravel.com\\\/blog\\\/qual-a-melhor-epoca-para-ir-para-europa\\\/#breadcrumb\"},\"inLanguage\":\"pt-BR\",\"potentialAction\":[{\"@type\":\"ReadAction\",\"target\":[\"https:\\\/\\\/macaritravel.com\\\/blog\\\/qual-a-melhor-epoca-para-ir-para-europa\\\/\"]}]},{\"@type\":\"ImageObject\",\"inLanguage\":\"pt-BR\",\"@id\":\"https:\\\/\\\/macaritravel.com\\\/blog\\\/qual-a-melhor-epoca-para-ir-para-europa\\\/#primaryimage\",\"url\":\"https:\\\/\\\/macaritravel.com\\\/blog\\\/wp-content\\\/uploads\\\/2022\\\/10\\\/primavera-europa-1.jpg\",\"contentUrl\":\"https:\\\/\\\/macaritravel.com\\\/blog\\\/wp-content\\\/uploads\\\/2022\\\/10\\\/primavera-europa-1.jpg\",\"width\":1024,\"height\":682},{\"@type\":\"BreadcrumbList\",\"@id\":\"https:\\\/\\\/macaritravel.com\\\/blog\\\/qual-a-melhor-epoca-para-ir-para-europa\\\/#breadcrumb\",\"itemListElement\":[{\"@type\":\"ListItem\",\"position\":1,\"name\":\"In\u00edcio\",\"item\":\"https:\\\/\\\/macaritravel.com\\\/blog\\\/\"},{\"@type\":\"ListItem\",\"position\":2,\"name\":\"Qual a melhor \u00e9poca do ano para ir para Europa?\"}]},{\"@type\":\"WebSite\",\"@id\":\"https:\\\/\\\/macaritravel.com\\\/blog\\\/#website\",\"url\":\"https:\\\/\\\/macaritravel.com\\\/blog\\\/\",\"name\":\"Blog da Macari Travel\",\"description\":\"Blog Oficial da Macari Travel\",\"publisher\":{\"@id\":\"https:\\\/\\\/macaritravel.com\\\/blog\\\/#organization\"},\"potentialAction\":[{\"@type\":\"SearchAction\",\"target\":{\"@type\":\"EntryPoint\",\"urlTemplate\":\"https:\\\/\\\/macaritravel.com\\\/blog\\\/?s={search_term_string}\"},\"query-input\":{\"@type\":\"PropertyValueSpecification\",\"valueRequired\":true,\"valueName\":\"search_term_string\"}}],\"inLanguage\":\"pt-BR\"},{\"@type\":\"Organization\",\"@id\":\"https:\\\/\\\/macaritravel.com\\\/blog\\\/#organization\",\"name\":\"Macari Travel\",\"url\":\"https:\\\/\\\/macaritravel.com\\\/blog\\\/\",\"logo\":{\"@type\":\"ImageObject\",\"inLanguage\":\"pt-BR\",\"@id\":\"https:\\\/\\\/macaritravel.com\\\/blog\\\/#\\\/schema\\\/logo\\\/image\\\/\",\"url\":\"https:\\\/\\\/macaritravel.com\\\/blog\\\/wp-content\\\/uploads\\\/2022\\\/10\\\/Logo-MT-Oficial.png\",\"contentUrl\":\"https:\\\/\\\/macaritravel.com\\\/blog\\\/wp-content\\\/uploads\\\/2022\\\/10\\\/Logo-MT-Oficial.png\",\"width\":1350,\"height\":600,\"caption\":\"Macari Travel\"},\"image\":{\"@id\":\"https:\\\/\\\/macaritravel.com\\\/blog\\\/#\\\/schema\\\/logo\\\/image\\\/\"},\"sameAs\":[\"https:\\\/\\\/www.facebook.com\\\/MacariTravel\",\"https:\\\/\\\/www.instagram.com\\\/macari_travel\\\/\"]},{\"@type\":\"Person\",\"@id\":\"https:\\\/\\\/macaritravel.com\\\/blog\\\/#\\\/schema\\\/person\\\/e9960ec20c60bd30337fd00b82f2a928\",\"name\":\"Macari Travel\",\"image\":{\"@type\":\"ImageObject\",\"inLanguage\":\"pt-BR\",\"@id\":\"https:\\\/\\\/macaritravel.com\\\/blog\\\/wp-content\\\/uploads\\\/2024\\\/04\\\/Logo-redondo-com-fundo-branco-maior-150x150.png\",\"url\":\"https:\\\/\\\/macaritravel.com\\\/blog\\\/wp-content\\\/uploads\\\/2024\\\/04\\\/Logo-redondo-com-fundo-branco-maior-150x150.png\",\"contentUrl\":\"https:\\\/\\\/macaritravel.com\\\/blog\\\/wp-content\\\/uploads\\\/2024\\\/04\\\/Logo-redondo-com-fundo-branco-maior-150x150.png\",\"caption\":\"Macari Travel\"},\"description\":\"Dispomos de consultores com uma m\u00e9dia de 20 anos de experi\u00eancia e paix\u00e3o por viagens, que ir\u00e3o trabalhar os detalhes e criar f\u00e9rias inesquec\u00edveis.\",\"sameAs\":[\"https:\\\/\\\/macaritravel.com\\\/blog\",\"http:\\\/\\\/facebook.com\\\/macaritravel\",\"http:\\\/\\\/instagram.com\\\/macari_travel\"],\"url\":\"https:\\\/\\\/macaritravel.com\\\/blog\\\/author\\\/macari\\\/\"}]}<\/script>\n<!-- \/ Yoast SEO plugin. -->","yoast_head_json":{"title":"Qual a melhor \u00e9poca do ano para ir para Europa? - Macari Travel Blog","description":"Qual a melhor \u00e9poca para visitar a Europa? O ideal \u00e9 ter em mente, primeiro, quais pa\u00edses deseja visitar e em qual \u00e9poca ser\u00e1 melhor viajar. Tome cuidado para n\u00e3o encher muito sua lista de roteiros! Nem sempre d\u00e1 para fazer tudo o que se quer, levando em considera\u00e7\u00e3o a dist\u00e2ncia e tamanho dos locais, o tempo e o dinheiro gastos nesses deslocamentos!","robots":{"index":"index","follow":"follow","max-snippet":"max-snippet:-1","max-image-preview":"max-image-preview:large","max-video-preview":"max-video-preview:-1"},"canonical":"https:\/\/macaritravel.com\/blog\/qual-a-melhor-epoca-para-ir-para-europa\/","og_locale":"pt_BR","og_type":"article","og_title":"Qual a melhor \u00e9poca do ano para ir para Europa? - Macari Travel Blog","og_description":"Qual a melhor \u00e9poca para visitar a Europa? O ideal \u00e9 ter em mente, primeiro, quais pa\u00edses deseja visitar e em qual \u00e9poca ser\u00e1 melhor viajar. Tome cuidado para n\u00e3o encher muito sua lista de roteiros! Nem sempre d\u00e1 para fazer tudo o que se quer, levando em considera\u00e7\u00e3o a dist\u00e2ncia e tamanho dos locais, o tempo e o dinheiro gastos nesses deslocamentos!","og_url":"https:\/\/macaritravel.com\/blog\/qual-a-melhor-epoca-para-ir-para-europa\/","og_site_name":"Macari Travel Blog","article_publisher":"https:\/\/www.facebook.com\/MacariTravel","article_author":"http:\/\/facebook.com\/macaritravel","article_published_time":"2022-10-13T10:59:51+00:00","article_modified_time":"2022-10-26T14:45:58+00:00","og_image":[{"width":1024,"height":682,"url":"https:\/\/macaritravel.com\/blog\/wp-content\/uploads\/2022\/10\/primavera-europa-1.jpg","type":"image\/jpeg"}],"author":"Macari Travel","twitter_card":"summary_large_image","twitter_misc":{"Escrito por":"Macari Travel","Est. tempo de leitura":"4 minutos"},"schema":{"@context":"https:\/\/schema.org","@graph":[{"@type":"Article","@id":"https:\/\/macaritravel.com\/blog\/qual-a-melhor-epoca-para-ir-para-europa\/#article","isPartOf":{"@id":"https:\/\/macaritravel.com\/blog\/qual-a-melhor-epoca-para-ir-para-europa\/"},"author":{"name":"Macari Travel","@id":"https:\/\/macaritravel.com\/blog\/#\/schema\/person\/e9960ec20c60bd30337fd00b82f2a928"},"headline":"Qual a melhor \u00e9poca do ano para ir para Europa?","datePublished":"2022-10-13T10:59:51+00:00","dateModified":"2022-10-26T14:45:58+00:00","mainEntityOfPage":{"@id":"https:\/\/macaritravel.com\/blog\/qual-a-melhor-epoca-para-ir-para-europa\/"},"wordCount":568,"commentCount":1,"publisher":{"@id":"https:\/\/macaritravel.com\/blog\/#organization"},"image":{"@id":"https:\/\/macaritravel.com\/blog\/qual-a-melhor-epoca-para-ir-para-europa\/#primaryimage"},"thumbnailUrl":"https:\/\/macaritravel.com\/blog\/wp-content\/uploads\/2022\/10\/primavera-europa-1.jpg","keywords":["Dicas","Esta\u00e7\u00f5es do ano","Europa","Melhor \u00c9poca","Viagem"],"articleSection":["Dicas","Europa"],"inLanguage":"pt-BR","potentialAction":[{"@type":"CommentAction","name":"Comment","target":["https:\/\/macaritravel.com\/blog\/qual-a-melhor-epoca-para-ir-para-europa\/#respond"]}]},{"@type":"WebPage","@id":"https:\/\/macaritravel.com\/blog\/qual-a-melhor-epoca-para-ir-para-europa\/","url":"https:\/\/macaritravel.com\/blog\/qual-a-melhor-epoca-para-ir-para-europa\/","name":"Qual a melhor \u00e9poca do ano para ir para Europa? - Macari Travel Blog","isPartOf":{"@id":"https:\/\/macaritravel.com\/blog\/#website"},"primaryImageOfPage":{"@id":"https:\/\/macaritravel.com\/blog\/qual-a-melhor-epoca-para-ir-para-europa\/#primaryimage"},"image":{"@id":"https:\/\/macaritravel.com\/blog\/qual-a-melhor-epoca-para-ir-para-europa\/#primaryimage"},"thumbnailUrl":"https:\/\/macaritravel.com\/blog\/wp-content\/uploads\/2022\/10\/primavera-europa-1.jpg","datePublished":"2022-10-13T10:59:51+00:00","dateModified":"2022-10-26T14:45:58+00:00","description":"Qual a melhor \u00e9poca para visitar a Europa? O ideal \u00e9 ter em mente, primeiro, quais pa\u00edses deseja visitar e em qual \u00e9poca ser\u00e1 melhor viajar. Tome cuidado para n\u00e3o encher muito sua lista de roteiros! Nem sempre d\u00e1 para fazer tudo o que se quer, levando em considera\u00e7\u00e3o a dist\u00e2ncia e tamanho dos locais, o tempo e o dinheiro gastos nesses deslocamentos!","breadcrumb":{"@id":"https:\/\/macaritravel.com\/blog\/qual-a-melhor-epoca-para-ir-para-europa\/#breadcrumb"},"inLanguage":"pt-BR","potentialAction":[{"@type":"ReadAction","target":["https:\/\/macaritravel.com\/blog\/qual-a-melhor-epoca-para-ir-para-europa\/"]}]},{"@type":"ImageObject","inLanguage":"pt-BR","@id":"https:\/\/macaritravel.com\/blog\/qual-a-melhor-epoca-para-ir-para-europa\/#primaryimage","url":"https:\/\/macaritravel.com\/blog\/wp-content\/uploads\/2022\/10\/primavera-europa-1.jpg","contentUrl":"https:\/\/macaritravel.com\/blog\/wp-content\/uploads\/2022\/10\/primavera-europa-1.jpg","width":1024,"height":682},{"@type":"BreadcrumbList","@id":"https:\/\/macaritravel.com\/blog\/qual-a-melhor-epoca-para-ir-para-europa\/#breadcrumb","itemListElement":[{"@type":"ListItem","position":1,"name":"In\u00edcio","item":"https:\/\/macaritravel.com\/blog\/"},{"@type":"ListItem","position":2,"name":"Qual a melhor \u00e9poca do ano para ir para Europa?"}]},{"@type":"WebSite","@id":"https:\/\/macaritravel.com\/blog\/#website","url":"https:\/\/macaritravel.com\/blog\/","name":"Blog da Macari Travel","description":"Blog Oficial da Macari Travel","publisher":{"@id":"https:\/\/macaritravel.com\/blog\/#organization"},"potentialAction":[{"@type":"SearchAction","target":{"@type":"EntryPoint","urlTemplate":"https:\/\/macaritravel.com\/blog\/?s={search_term_string}"},"query-input":{"@type":"PropertyValueSpecification","valueRequired":true,"valueName":"search_term_string"}}],"inLanguage":"pt-BR"},{"@type":"Organization","@id":"https:\/\/macaritravel.com\/blog\/#organization","name":"Macari Travel","url":"https:\/\/macaritravel.com\/blog\/","logo":{"@type":"ImageObject","inLanguage":"pt-BR","@id":"https:\/\/macaritravel.com\/blog\/#\/schema\/logo\/image\/","url":"https:\/\/macaritravel.com\/blog\/wp-content\/uploads\/2022\/10\/Logo-MT-Oficial.png","contentUrl":"https:\/\/macaritravel.com\/blog\/wp-content\/uploads\/2022\/10\/Logo-MT-Oficial.png","width":1350,"height":600,"caption":"Macari Travel"},"image":{"@id":"https:\/\/macaritravel.com\/blog\/#\/schema\/logo\/image\/"},"sameAs":["https:\/\/www.facebook.com\/MacariTravel","https:\/\/www.instagram.com\/macari_travel\/"]},{"@type":"Person","@id":"https:\/\/macaritravel.com\/blog\/#\/schema\/person\/e9960ec20c60bd30337fd00b82f2a928","name":"Macari Travel","image":{"@type":"ImageObject","inLanguage":"pt-BR","@id":"https:\/\/macaritravel.com\/blog\/wp-content\/uploads\/2024\/04\/Logo-redondo-com-fundo-branco-maior-150x150.png","url":"https:\/\/macaritravel.com\/blog\/wp-content\/uploads\/2024\/04\/Logo-redondo-com-fundo-branco-maior-150x150.png","contentUrl":"https:\/\/macaritravel.com\/blog\/wp-content\/uploads\/2024\/04\/Logo-redondo-com-fundo-branco-maior-150x150.png","caption":"Macari Travel"},"description":"Dispomos de consultores com uma m\u00e9dia de 20 anos de experi\u00eancia e paix\u00e3o por viagens, que ir\u00e3o trabalhar os detalhes e criar f\u00e9rias inesquec\u00edveis.","sameAs":["https:\/\/macaritravel.com\/blog","http:\/\/facebook.com\/macaritravel","http:\/\/instagram.com\/macari_travel"],"url":"https:\/\/macaritravel.com\/blog\/author\/macari\/"}]}},"jetpack_publicize_connections":[],"jetpack_featured_media_url":"https:\/\/macaritravel.com\/blog\/wp-content\/uploads\/2022\/10\/primavera-europa-1.jpg","jetpack_sharing_enabled":true,"_links":{"self":[{"href":"https:\/\/macaritravel.com\/blog\/wp-json\/wp\/v2\/posts\/114","targetHints":{"allow":["GET"]}}],"collection":[{"href":"https:\/\/macaritravel.com\/blog\/wp-json\/wp\/v2\/posts"}],"about":[{"href":"https:\/\/macaritravel.com\/blog\/wp-json\/wp\/v2\/types\/post"}],"author":[{"embeddable":true,"href":"https:\/\/macaritravel.com\/blog\/wp-json\/wp\/v2\/users\/1"}],"replies":[{"embeddable":true,"href":"https:\/\/macaritravel.com\/blog\/wp-json\/wp\/v2\/comments?post=114"}],"version-history":[{"count":0,"href":"https:\/\/macaritravel.com\/blog\/wp-json\/wp\/v2\/posts\/114\/revisions"}],"wp:featuredmedia":[{"embeddable":true,"href":"https:\/\/macaritravel.com\/blog\/wp-json\/wp\/v2\/media\/119"}],"wp:attachment":[{"href":"https:\/\/macaritravel.com\/blog\/wp-json\/wp\/v2\/media?parent=114"}],"wp:term":[{"taxonomy":"category","embeddable":true,"href":"https:\/\/macaritravel.com\/blog\/wp-json\/wp\/v2\/categories?post=114"},{"taxonomy":"post_tag","embeddable":true,"href":"https:\/\/macaritravel.com\/blog\/wp-json\/wp\/v2\/tags?post=114"}],"curies":[{"name":"wp","href":"https:\/\/api.w.org\/{rel}","templated":true}]}}