{"id":1486,"date":"2022-12-15T10:10:05","date_gmt":"2022-12-15T10:10:05","guid":{"rendered":"https:\/\/macaritravel.com\/blog\/?p=1486"},"modified":"2022-12-15T10:10:10","modified_gmt":"2022-12-15T10:10:10","slug":"10-tradicoes-e-eventos-de-natal-do-centro-de-portugal-para-2022","status":"publish","type":"post","link":"https:\/\/macaritravel.com\/blog\/10-tradicoes-e-eventos-de-natal-do-centro-de-portugal-para-2022\/","title":{"rendered":"10 tradi\u00e7\u00f5es e eventos de Natal do Centro de Portugal para 2022"},"content":{"rendered":"\n<p>O Centro de Portugal \u00e9 uma regi\u00e3o diversificada de tradi\u00e7\u00f5es e costumes bem enraizados na cultura do pa\u00eds. A \u00e9poca natal\u00edcia n\u00e3o \u00e9 exce\u00e7\u00e3o e h\u00e1 in\u00fameros rituais que se mant\u00eam bem vivos ano ap\u00f3s ano. H\u00e1 tradi\u00e7\u00f5es que se repetem do litoral ao interior, como o pres\u00e9pio, a \u00e1rvore enfeitada, o &#8220;Pai Natal&#8221;, a troca de presentes \u00e0 meia-noite e o bacalhau entre outros.<\/p>\n\n\n\n<p>E h\u00e1 tamb\u00e9m tradi\u00e7\u00f5es t\u00edpicas que s\u00f3 aqui se podem vivenciar. Viaje conosco imbu\u00eddo no esp\u00edrito natal\u00edcio e venha conhecer os eventos e as tradi\u00e7\u00f5es do Natal, do Centro de Portugal. Sim! Porque a regi\u00e3o tem o maior e o mais pequeno Pai Natal, tem o maior Pres\u00e9pio e o maior\u00a0madeiro de Natal\u00a0de\u00a0Portugal. E tanto mais!<\/p>\n\n\n\n<p><strong>Boas Festas no Centro de Portugal!<\/strong><\/p>\n\n\n\n<h2 class=\"wp-block-heading\">1 | PENAMACOR<\/h2>\n\n\n\n<p>\u201c<strong>Penamacor Vila Madeiro\u201d \u2013 O Maior\u00a0Madeiro de Natal\u00a0de\u00a0Portugal<br><\/strong>\u00c9 em\u00a0Penamacor\u00a0que se acende o maior\u00a0madeiro de Natal\u00a0de\u00a0Portugal. O\u00a0Madeiro\u00a0consiste numa grande fogueira que \u00e9 feita no adro da igreja, onde a popula\u00e7\u00e3o se re\u00fane depois da\u00a0Missa do Galo.<br>Mais que uma grande festa, \u00e9 uma tradi\u00e7\u00e3o local que fomenta o encontro entre v\u00e1rias gera\u00e7\u00f5es de Penamacorenses, recebidos todos os anos pelos jovens que celebram 20 anos. As v\u00e1rias atividades, desde o abate das \u00e1rvores \u00e0 sua disposi\u00e7\u00e3o no adro da igreja, passando pelo conv\u00edvio no campo, pelo intermin\u00e1vel cortejo de tratores que transportam os gigantescos troncos no dia 08 e pela festa da Imaculada Concei\u00e7\u00e3o, culminam no atear do Madeiro, na noite de 23 para 24 de dezembro.<br><br>Al\u00e9m de conhecer os rituais desta genu\u00edna tradi\u00e7\u00e3o, h\u00e1 um caloroso acolhimento dado pela popula\u00e7\u00e3o, que abre as portas das pr\u00f3prias habita\u00e7\u00f5es ou de familiares e amigos, com tasquinhas e vendas de artesanato, onde podem encontrar lembran\u00e7as da festa do Madeiro para levar.<br>Em dezembro, Penamacor \u00e9 Vila Madeiro!<\/p>\n\n\n\n<figure class=\"wp-block-embed is-type-video is-provider-youtube wp-block-embed-youtube wp-embed-aspect-16-9 wp-has-aspect-ratio\"><div class=\"wp-block-embed__wrapper\">\n<iframe title=\"Vila Madeiro\" width=\"790\" height=\"444\" data-src=\"https:\/\/www.youtube.com\/embed\/2y_que_NUxk?feature=oembed\" frameborder=\"0\" allow=\"accelerometer; autoplay; clipboard-write; encrypted-media; gyroscope; picture-in-picture\" allowfullscreen src=\"data:image\/svg+xml;base64,PHN2ZyB3aWR0aD0iMSIgaGVpZ2h0PSIxIiB4bWxucz0iaHR0cDovL3d3dy53My5vcmcvMjAwMC9zdmciPjwvc3ZnPg==\" class=\"lazyload\" data-load-mode=\"1\"><\/iframe>\n<\/div><\/figure>\n\n\n\n<h2 class=\"wp-block-heading\" id=\"block-3670becc-0d90-405f-b439-e6d4c9e00e6b\">2 | SABUGAL<\/h2>\n\n\n\n<p id=\"block-ba3e790f-533a-426c-b9f1-1a924ae2c50c\">\u201c<strong>Sabugal Pres\u00e9pio\u201d \u2013 O Maior Pres\u00e9pio Natural<\/strong> <strong>de Portugal<\/strong><br>O Maior Pres\u00e9pio Natural de Portugal afirma-se como marca identit\u00e1ria do concelho de Sabugal. Com uma ocupa\u00e7\u00e3o de cerca de 1100 metros quadrados, o Pres\u00e9pio \u00e9 constru\u00eddo com recurso a materiais recolhidos na natureza, tais como troncos de castanheiros, heras e musgos.<br>Esta recria\u00e7\u00e3o, instalada no Largo da Fonte, contempla diversas cenas b\u00edblicas relacionadas com a Natividade, a uma escala em que os visitantes se sentem como parte integrante do mesmo.<br>No espa\u00e7o dedicado aos mais novos, destaque vai para as oficinas de pinturas faciais, a oficina criativa em macram\u00e9, a leitura de contos infantis de Natal e muitas outras surpresas. O \u2018Sabugal Pres\u00e9pio\u2019 apresenta, ainda, um programa de anima\u00e7\u00e3o din\u00e2mico e iniciativas para toda a fam\u00edlia, com atua\u00e7\u00f5es musicais, pe\u00e7as de teatro, concertos e anima\u00e7\u00e3o itinerante. O Carrossel Parisiense, esse, faz as del\u00edcias dos mais novos!<br><br>Aproveite e fa\u00e7a as suas compras de Natal no com\u00e9rcio local ou junto ao imponente Castelo de Cinco Quinas, onde decorre um Mercadinho de Natal, uma exposi\u00e7\u00e3o e venda de produtos e de artesanato regional.<br>Venha ao \u201cSabugal Pres\u00e9pio\u201d, o maior pres\u00e9pio natural de Portugal! Deixe-se envolver pelo esp\u00edrito natal\u00edcio e surpreenda-se com a recria\u00e7\u00e3o do Pres\u00e9pio de Bel\u00e9m.<\/p>\n\n\n\n<figure class=\"wp-block-embed is-type-video is-provider-youtube wp-block-embed-youtube wp-embed-aspect-16-9 wp-has-aspect-ratio\"><div class=\"wp-block-embed__wrapper\">\n<iframe title=\"\u2018SABUGAL PRES\u00c9PIO\u2019 \u2013 O MAIOR PRES\u00c9PIO NATURAL\u2026 (2021) | PROMO\" width=\"790\" height=\"444\" data-src=\"https:\/\/www.youtube.com\/embed\/LdtHPxUId5E?feature=oembed\" frameborder=\"0\" allow=\"accelerometer; autoplay; clipboard-write; encrypted-media; gyroscope; picture-in-picture\" allowfullscreen src=\"data:image\/svg+xml;base64,PHN2ZyB3aWR0aD0iMSIgaGVpZ2h0PSIxIiB4bWxucz0iaHR0cDovL3d3dy53My5vcmcvMjAwMC9zdmciPjwvc3ZnPg==\" class=\"lazyload\" data-load-mode=\"1\"><\/iframe>\n<\/div><\/figure>\n\n\n\n<h2 class=\"wp-block-heading\">3 | SEIA<\/h2>\n\n\n\n<p><strong>Aldeia de Cabe\u00e7a, a mais ecol\u00f3gica do pa\u00eds<\/strong><br>Visitar uma \u201cfesta genu\u00edna feita por m\u00e3os de gente genu\u00edna\u201d, \u00e9 o convite dos habitantes da Aldeia de Cabe\u00e7a, em tempo de Natal. N\u00e3o s\u00e3o mais de 100 pessoas, mas com enorme esp\u00edrito natal\u00edcio, transformam esta \u00e9poca numa festa gigante.<br>Inspirada nos valores do Natal, aqui se vive de forma simples e aut\u00eantica esta quadra festiva. Os enfeites s\u00e3o concebidos \u00e0 m\u00e3o, em exclusivo pelos seus moradores, com materiais retirados diretamente da natureza. As luzes utilizadas s\u00e3o LED. \u00c9 que a Aldeia Cabe\u00e7a de Natal \u00e9, desde 2011, a primeira aldeia a implementar medidas verdadeiramente sustent\u00e1veis.<br><br>Os habitantes orgulham-se de abrir as portas das suas casas aos visitantes, transformando a aldeia e as suas ruas num verdadeiro mercado de Natal. Por isso, se quer fugir do \u00f3bvio na hora de trocar presentes, nesta Aldeia de Montanha encontra solu\u00e7\u00f5es ecol\u00f3gicas e originais. Prove tamb\u00e9m as iguarias locais e ou\u00e7a grupos de m\u00fasica tradicional e coros infantis. Coloque j\u00e1 na sua agenda uma visita a esta aldeia. O esp\u00edrito de Natal vive aqui.<\/p>\n\n\n\n<h2 class=\"wp-block-heading\" id=\"block-321efdff-7111-49de-8ca4-508fff14a63e\">4 | PROEN\u00c7A-A-NOVA<\/h2>\n\n\n\n<p id=\"block-4ee738b9-5108-4497-9a1d-0c9433f7b15d\"><strong>Aprenda a fazer as Filh\u00f3s de Natal de Proen\u00e7a-a-Nova<\/strong><br>A maior parte das aldeias de Proen\u00e7a-a-Nova ainda mant\u00e9m a tradi\u00e7\u00e3o do madeiro que \u00e9 aceso na V\u00e9spera de Natal: segundo a tradi\u00e7\u00e3o, para aquecer o Menino Jesus rec\u00e9m-nascido. Mas h\u00e1 outras, e uma delas \u00e9 deliciosa!<br><br>Em Proen\u00e7a-a-Nova, o Munic\u00edpio continua a programar algumas atividades como o Mercado dos Sabores de Natal, que decorre habitualmente no Pavilh\u00e3o Municipal. O evento promove os produtos gastron\u00f3micos associados a esta \u00e9poca, em especial as filh\u00f3s, e apresenta propostas de artesanato e produtos locais que podem fazer parte da mesa de Natal e dos presentes que se costumam trocar.<br>As habituais cozinhas ao vivo ensinam a fazer filh\u00f3s, atrav\u00e9s de uma saborosa e antiga tradi\u00e7\u00e3o que n\u00e3o pode faltar \u00e0s mesas do Centro de Portugal!<\/p>\n\n\n\n<figure class=\"wp-block-embed is-type-video is-provider-youtube wp-block-embed-youtube wp-embed-aspect-16-9 wp-has-aspect-ratio\"><div class=\"wp-block-embed__wrapper\">\n<iframe title=\"Filh\u00f3s: sabores e tradi\u00e7\u00f5es do Natal em Proen\u00e7a-a-Nova\" width=\"790\" height=\"444\" data-src=\"https:\/\/www.youtube.com\/embed\/2s_2dQ5hHBg?feature=oembed\" frameborder=\"0\" allow=\"accelerometer; autoplay; clipboard-write; encrypted-media; gyroscope; picture-in-picture\" allowfullscreen src=\"data:image\/svg+xml;base64,PHN2ZyB3aWR0aD0iMSIgaGVpZ2h0PSIxIiB4bWxucz0iaHR0cDovL3d3dy53My5vcmcvMjAwMC9zdmciPjwvc3ZnPg==\" class=\"lazyload\" data-load-mode=\"1\"><\/iframe>\n<\/div><\/figure>\n\n\n\n<h2 class=\"wp-block-heading\" id=\"block-b3cd7c58-11f5-472d-8f8c-2c5cb134c483\">5 | \u00c1GUEDA<\/h2>\n\n\n\n<p id=\"block-f0a247d8-70cf-4222-8b1b-9e29002aaa42\">\u201c<strong>\u00c1gueda \u00e9 Natal\u201d com o Maior e Mais pequeno Pai Natal do mundo!<\/strong><br>\u201c\u00c1gueda \u00e9 Natal\u201d transforma a cidade num palco gigante de luz e sonhos. O Maior e Menor Pai Natal do Mundo, espa\u00e7os encantados e ilumina\u00e7\u00f5es natal\u00edcias est\u00e3o de regresso para mais uma edi\u00e7\u00e3o de um dos eventos mais aguardados do ano.<br>\u00c1gueda mant\u00e9m dois dos seus grandes \u00edcones como atra\u00e7\u00f5es deste Natal, o Maior e o Menor Pai Natal do Mundo! \u00a0<br><br>Em 2016, a implementa\u00e7\u00e3o do \u201cMaior Pai Natal do Mundo\u201d, no Largo 1\u00ba de Maio, com cerca de 21 metros e 250 mil leds a ilumin\u00e1-lo, veio dar uma nova imagem a \u00c1gueda e ao seu Natal. A iniciativa ganhou uma dimens\u00e3o que bateu recordes, aumentando a aflu\u00eancia de visitantes e tornou-o num evento de excel\u00eancia, sendo-lhe atribu\u00eddo o <em>Guinness World Records<\/em> de Maior Pai Natal.<br>Ao longo de 3 anos, este Pai Natal gigante brilhou sozinho mas, em 2018, juntou-se o \u201cMais Pequeno Pai Natal do Mundo\u201d, uma nano-escultura que apenas pode ser contemplada atrav\u00e9s de microsc\u00f3pio. O \u201chomem das barbas brancas\u201d cabe no buraco de uma agulha e est\u00e1 exposto no Posto de Turismo de \u00c1gueda. Esta obra de arte \u00fanica, do tamanho de um ponto final, foi desenvolvida pelo artista <em>Willard Wigan<\/em>, o criador das obras mais pequenas do mundo, de acordo com o <em>Guinness World Records<\/em>.<br>C\u00e1 fora, as v\u00e1rias decora\u00e7\u00f5es e os famosos guarda-chuvas coloridos d\u00e3o lugar ao branco, vermelho, dourado e verde, e fazem brilhar as ruas da cidade. Outras ilumina\u00e7\u00f5es transformam o Parque de Alta Vila num parque encantado, com luz, cor e magia.<br><br>No Mercadinho de Natal, h\u00e1 propostas para os mais gulosos e est\u00e1 ainda dispon\u00edvel uma feira de artesanato. Entre a programa\u00e7\u00e3o prevista, s\u00e3o muitas as atividades dedicadas a esta \u00e9poca, como anima\u00e7\u00f5es de rua, espet\u00e1culos musicais, eventos culturais, exposi\u00e7\u00f5es e muitas divers\u00f5es, como os carross\u00e9is.<br><br>Al\u00e9m de toda a envolvente do evento, \u00c1gueda tem tradi\u00e7\u00f5es que remontam a tempos antigos, sendo uma delas o Bolo de Santa Eul\u00e1lia, conhecido localmente como \u201c o bolo de Natal de \u00c1gueda\u201d. Os ingredientes? 200g de manteiga, 300g de farinha, 300g de a\u00e7\u00facar, 1 colher de ch\u00e1 de fermento em p\u00f3, 5 ovos, 80g de nozes picadas, 50g de pinh\u00f5es, 50g de am\u00eandoa palitada, 80g de passas, 2 colheres de sopa de vinho do Porto. Para enfeitar: geleia de marmelo, fios de ovos, groselhas ou cerejas.<br>Venha (re)descobrir a magia do Natal em \u00c1gueda!<\/p>\n\n\n\n<figure class=\"wp-block-image size-full is-resized\"><img decoding=\"async\" data-src=\"https:\/\/macaritravel.com\/blog\/wp-content\/uploads\/2022\/12\/Screenshot-2022-12-15-at-10-02-01-10-TRADICOES-E-EVENTOS-DE-NATAL-Turismo-Centro-Portugal.png\" alt=\"\" class=\"wp-image-1487 lazyload\" width=\"841\" height=\"559\" data-srcset=\"https:\/\/macaritravel.com\/blog\/wp-content\/uploads\/2022\/12\/Screenshot-2022-12-15-at-10-02-01-10-TRADICOES-E-EVENTOS-DE-NATAL-Turismo-Centro-Portugal.png 817w, https:\/\/macaritravel.com\/blog\/wp-content\/uploads\/2022\/12\/Screenshot-2022-12-15-at-10-02-01-10-TRADICOES-E-EVENTOS-DE-NATAL-Turismo-Centro-Portugal-300x199.png 300w, https:\/\/macaritravel.com\/blog\/wp-content\/uploads\/2022\/12\/Screenshot-2022-12-15-at-10-02-01-10-TRADICOES-E-EVENTOS-DE-NATAL-Turismo-Centro-Portugal-768x510.png 768w\" data-sizes=\"(max-width: 841px) 100vw, 841px\" src=\"data:image\/svg+xml;base64,PHN2ZyB3aWR0aD0iMSIgaGVpZ2h0PSIxIiB4bWxucz0iaHR0cDovL3d3dy53My5vcmcvMjAwMC9zdmciPjwvc3ZnPg==\" style=\"--smush-placeholder-width: 841px; --smush-placeholder-aspect-ratio: 841\/559;\" \/><figcaption class=\"wp-element-caption\">Maior Papai Noel do mundo<\/figcaption><\/figure>\n\n\n\n<h2 class=\"wp-block-heading\" id=\"block-4f870987-6086-4ac1-bfb4-b223225b23a5\">6 | MARINHA GRANDE<\/h2>\n\n\n\n<p id=\"block-59ca48c7-379e-4b8e-974c-f90cdfd9e116\"><strong>Pres\u00e9pio Tradicional da Marinha Grande \u00e9 um dos maiores da Regi\u00e3o<\/strong><br>Um dos maiores\u00a0Pres\u00e9pios\u00a0tradicionais da regi\u00e3o regressa ao centro hist\u00f3rico da\u00a0Marinha\u00a0Grande, no Edif\u00edcio da Resinagem, at\u00e9 dia 08 de janeiro de 2023.<br>A autoria \u00e9 de Filipe Ferreira, um contabilista de 33 anos que dedica parte dos seus tempos livres a criar pe\u00e7as para este grande\u00a0Pres\u00e9pio\u00a0Tradicional onde, com a colabora\u00e7\u00e3o de V\u00edtor Lopes, Jos\u00e9 Paulo Ferreira e Jos\u00e9 Augusto Ferreira, retrata, al\u00e9m da centralidade do Nascimento de Jesus, muitos usos, costumes e tradi\u00e7\u00f5es portuguesas.<br>Nesta edi\u00e7\u00e3o, o\u00a0Pres\u00e9pio\u00a0ocupar\u00e1 uma \u00e1rea de cerca de 60 m2, com 1500 figuras, centenas de acess\u00f3rios e outras pe\u00e7as criadas pelo pr\u00f3prio autor.<br>Como tem sido habitual, novidades n\u00e3o faltar\u00e3o. Este ano, o destaque vai para a \u00e1rea mais rural, nomeadamente com a representa\u00e7\u00e3o de um olival com a apanha da azeitona e tamb\u00e9m da ceifa do trigo e posterior malha na eira.<br><br>A \u00e1gua continua com uma forte presen\u00e7a com diversas cascatas e fontes de \u00e1gua que trazem vida ao\u00a0Pres\u00e9pio, bem como, dezenas de elementos com movimento que lhe d\u00e3o um especial encanto. \u00c9 o caso dos soldados nas muralhas, do burro com a nora, dos rebanhos de ovelhas, das galinhas a picar o milho, dos homens a jogarem \u00e0s cartas, do oleiro a moldar o barro ou do parque infantil com os balan\u00e7os,\u00a0do lago com os patos, dos lenhadores a serrar a lenha, ou ainda, do homem a assar um porco no espeto. N\u00e3o s\u00e3o esquecidos os Reis Magos a chegar ao est\u00e1bulo, entre muitas outras figuras, onde claro, o Menino Jesus, S\u00e3o Jos\u00e9 e Maria s\u00e3o os principais protagonistas.<\/p>\n\n\n\n<h2 class=\"wp-block-heading\" id=\"block-78c42211-9c26-4c8b-952e-55087085957e\">7 | \u00d3BIDOS<\/h2>\n\n\n\n<p id=\"block-fe0fee1f-a5ab-4a93-be2a-5a9d4cbc856a\"><strong>\u00d3bidos Vila Natal \u00e9 tradi\u00e7\u00e3o<\/strong><br>De 30 de novembro a 31 de dezembro, as magnificas muralhas da vila medieval de \u00d3bidos escondem um mundo encantado!<br>\u00c9 o \u00d3bidos Vila Natal que regressa com muita alegria, anima\u00e7\u00e3o, espet\u00e1culos, jogos, divers\u00f5es, magia e uma novidade: o Lenho de Natal.<br><br>N\u00e3o faltar\u00e1 tamb\u00e9m uma divertida rampa de gelo, um comboio, um carrossel, uma Aldeia do Pres\u00e9pio Portugu\u00eas e um maravilhoso Chalet do Pai Natal, entre tantos outros divertimentos.<br>Qual o tema da festa? <em>Brilho de Natal<\/em>! E quem lhe vai dar vida s\u00e3o os visitantes acompanhados de fren\u00e9ticos duendes, renas e bonecos de neve.<br>J\u00e1 vem a caminho? Feliz Natal!<\/p>\n\n\n\n<figure class=\"wp-block-embed is-type-video is-provider-youtube wp-block-embed-youtube wp-embed-aspect-16-9 wp-has-aspect-ratio\"><div class=\"wp-block-embed__wrapper\">\n<iframe title=\"\u00d3bidos Vila Natal 2022 - I\" width=\"790\" height=\"444\" data-src=\"https:\/\/www.youtube.com\/embed\/AK5pspVmfYI?feature=oembed\" frameborder=\"0\" allow=\"accelerometer; autoplay; clipboard-write; encrypted-media; gyroscope; picture-in-picture\" allowfullscreen src=\"data:image\/svg+xml;base64,PHN2ZyB3aWR0aD0iMSIgaGVpZ2h0PSIxIiB4bWxucz0iaHR0cDovL3d3dy53My5vcmcvMjAwMC9zdmciPjwvc3ZnPg==\" class=\"lazyload\" data-load-mode=\"1\"><\/iframe>\n<\/div><\/figure>\n\n\n\n<h2 class=\"wp-block-heading\" id=\"block-1354faf1-3478-4e85-b740-f005c19adba4\">8 | ALENQUER<\/h2>\n\n\n\n<p id=\"block-43d41a68-d62d-4c41-a9e7-b162e167a8ad\"><strong>Alenquer, Pres\u00e9pio de Portugal<\/strong><br>Alenquer \u00e9 desde h\u00e1 muito conhecida como vila Pres\u00e9pio. Pela disposi\u00e7\u00e3o do seu casario em encosta, por ter sido Alenquer a acolher o primeiro convento Franciscano no pa\u00eds (sendo a representa\u00e7\u00e3o da Natividade uma cria\u00e7\u00e3o de S. Francisco), e por ter sido em Alenquer que foi encontrado o primeiro registo de um pres\u00e9pio, em 1569 no Convento de Santa Catarina da Carnota.<br>Mas foi a partir de 1968 que essa designa\u00e7\u00e3o se consolidou, com a constru\u00e7\u00e3o do Pres\u00e9pio Monumental na encosta da vila, uma homenagem de Alenquer \u00e0s v\u00edtimas da Grande Cheia e a todos os que contribu\u00edram para a reconstru\u00e7\u00e3o da Vila Baixa e das localidades do concelho afetadas pela cat\u00e1strofe.<br><br>Assente nesta tradi\u00e7\u00e3o, e na continuidade do conceito criado em anos anteriores, as celebra\u00e7\u00f5es de <em>Alenquer, Pres\u00e9pio de Portugal<\/em> projetam-se sempre com um leque colorido e variado de atividades envolvidas pelo esp\u00edrito da solidariedade, acessibilidade e alegria, procurando transformar toda a \u00e9poca natal\u00edcia em Alenquer numa grande festividade.<br><br>Quando aqui estiver, repare nos desenhos azuis e vermelhos pintados nas paredes de algumas casas.\u00a0Integrado no programa de Natal, o\u00a0<a href=\"https:\/\/cm-alenquer.pt\/pt\/menu\/965\/cantar-e-pintar-dos-reis.aspx\" target=\"_blank\" rel=\"noreferrer noopener\">\u201cPintar e Cantar os Reis\u201d<\/a>\u00a0\u00e9 uma tradi\u00e7\u00e3o que os Alenquerenses, com muito orgulho, mant\u00eam viva. Vale a pena apreciar!<br>Durante tr\u00eas semanas, um enorme leque de eventos surpreende os visitantes, proporcionando momentos \u00fanicos de lazer e divers\u00e3o a todas as fam\u00edlias, especialmente aos mais novos. \u00c9 assim Alenquer. \u00c9 assim o Pres\u00e9pio de Portugal!<br><\/p>\n\n\n\n<h2 class=\"wp-block-heading\" id=\"block-b8102962-e020-4f03-915e-fe2e6202a428\">9 | PENELA<\/h2>\n\n\n\n<p id=\"block-d51866f5-8d40-4b46-a8c9-20a9bbd0aff7\"><strong>Penela Pres\u00e9pio<\/strong><br>O \u201cPenela Pres\u00e9pio\u201d \u00e9 um dos maiores eventos de Natal da regi\u00e3o Centro de Portugal. Anualmente, atrai milhares de pessoas ao cimo da encosta, decorada com o casario branco, encimado pelo seu castelo medieval do s\u00e9culo XI. O tradicional pres\u00e9pio portugu\u00eas \u00e9 a principal atra\u00e7\u00e3o. Inclui personagens, epis\u00f3dios b\u00edblicos e locais hist\u00f3ricos, com mais de 370 figuras.<br>Aqui, s\u00e3o esperados muitos momentos de anima\u00e7\u00e3o: pe\u00e7as de teatro, malabarismo, ilusionismo e uma viagem no comboio de Natal. Predominar\u00e3o ainda em Penela, a m\u00fasica de rua, as ilumina\u00e7\u00f5es de Natal e a realiza\u00e7\u00e3o de atividades concelhias.<br>Fa\u00e7a uma viagem \u00fanica pelas maravilhas de Penela em tempo de Natal e tenha umas festas verdadeiramente felizes!<\/p>\n\n\n\n<figure class=\"wp-block-image size-large\"><img decoding=\"async\" width=\"1024\" height=\"683\" data-src=\"https:\/\/macaritravel.com\/blog\/wp-content\/uploads\/2022\/12\/Penela-Presepio-1024x683.jpg\" alt=\"\" class=\"wp-image-1488 lazyload\" data-srcset=\"https:\/\/macaritravel.com\/blog\/wp-content\/uploads\/2022\/12\/Penela-Presepio-1024x683.jpg 1024w, https:\/\/macaritravel.com\/blog\/wp-content\/uploads\/2022\/12\/Penela-Presepio-300x200.jpg 300w, https:\/\/macaritravel.com\/blog\/wp-content\/uploads\/2022\/12\/Penela-Presepio-768x513.jpg 768w, https:\/\/macaritravel.com\/blog\/wp-content\/uploads\/2022\/12\/Penela-Presepio-1536x1025.jpg 1536w, https:\/\/macaritravel.com\/blog\/wp-content\/uploads\/2022\/12\/Penela-Presepio-1200x800.jpg 1200w, https:\/\/macaritravel.com\/blog\/wp-content\/uploads\/2022\/12\/Penela-Presepio.jpg 1840w\" data-sizes=\"(max-width: 1024px) 100vw, 1024px\" src=\"data:image\/svg+xml;base64,PHN2ZyB3aWR0aD0iMSIgaGVpZ2h0PSIxIiB4bWxucz0iaHR0cDovL3d3dy53My5vcmcvMjAwMC9zdmciPjwvc3ZnPg==\" style=\"--smush-placeholder-width: 1024px; --smush-placeholder-aspect-ratio: 1024\/683;\" \/><figcaption class=\"wp-element-caption\">Pres\u00e9pio em Penela<\/figcaption><\/figure>\n\n\n\n<h2 class=\"wp-block-heading\">10 | AVEIRO<\/h2>\n\n\n\n<p id=\"block-dd0ba7af-a50d-44a3-a6b3-4884f00ce9a8\"><strong>Boas Festas em Aveiro<\/strong><br>Antes de falarmos do recheado e animado programa \u201cBoas Festas em Aveiro\u201d, h\u00e1 tempo de abordar uma curiosidade e tradi\u00e7\u00e3o: \u201cO Tempo das Esteirinhas\u201d. A \u00e9poca das festividades natal\u00edcias e de fim de Ano em Aveiro, desde h\u00e1 muito, que s\u00e3o um ciclo festivo prolongado. Dizia-se, por estas bandas, designadamente no bairro da Beira-Mar (o bairro t\u00edpico de pescadores e marnotos), que era o Tempo das Esteirinhas.<br><br>\u201cA Senhora da Concei\u00e7\u00e3o abre os arm\u00e1rios\u201d \u2013 rezava o velho prov\u00e9rbio aludindo ao in\u00edcio deste ciclo das festas de confraterniza\u00e7\u00e3o da fam\u00edlia, decorria at\u00e9 princ\u00edpios de Janeiro: V\u00e9spera da Senhora da Concei\u00e7\u00e3o (v\u00e9spera do feriado que celebra a Imaculada Concei\u00e7\u00e3o, 8 de Dezembro); V\u00e9spera de Natal; V\u00e9spera do Ano-Bom (Ano Novo); V\u00e9spera dos Reis; V\u00e9spera de S\u00e3o Gon\u00e7alinho.<br>Jo\u00e3o Sarabando, autor do livro \u201cCagareus e Ceboleiros Aveiro \u2013 usos e costumes\u201d, explica, que talvez, e por n\u00e3o encontrar raz\u00e3o mais plaus\u00edvel, advenha do diminutivo de esteira. Esta era colocada no ch\u00e3o da cozinha onde, ao centro, sobre uma toalha ou um pano muito limpo, fumegava a comida, e a fam\u00edlia se sentava ao seu redor. O seu diminutivo, esteirinha, referia-se assim a uma refei\u00e7\u00e3o melhorada, pr\u00f3pria, dos dias diferenciados.<br><br>Nos nossos dias, o programa \u201cBoas Festas em Aveiro\u201d re\u00fane um conjunto de atividades para celebrar a quadra natal\u00edcia, a Passagem de Ano e as Festas de S\u00e3o Gon\u00e7alinho, em fam\u00edlia ou em reuni\u00e3o com amigos. O evento prolonga-se at\u00e9 ao dia 10 de janeiro, tradicionalmente conhecida como \u201ca segunda-feira de S\u00e3o Gon\u00e7alinho\u201d.<br>Do vasto programa constam a Inaugura\u00e7\u00e3o da ilumina\u00e7\u00e3o de Natal e o Desfile de Pais Natal em Barco Moliceiro, Espet\u00e1culos de Natal, um Espet\u00e1culo de v\u00eddeo mapping, Concertos de Boas Festas, Natal e Artes de Rua, os Mercados de Natal, os Contos encantados e Exposi\u00e7\u00f5es nos Museus de Aveiro e Galerias Municipais.<br>Na mesa de Natal das fam\u00edlias da regi\u00e3o de Aveiro, as iguarias regionais n\u00e3o faltam. O bacalhau cozido, o leit\u00e3o \u00e0 bairrada, as rabanadas, os bilharacos e os Ovos-Moles s\u00e3o o destaque. Tamb\u00e9m nos restaurantes aderentes \u00e0 iniciativa \u201cAveiro Sabores com Tradi\u00e7\u00e3o\u201d, \u00e9 perfeita e rica a montra de sabores da cozinha regional. S\u00e3o criados menus atrativos de pratos t\u00edpicos a oferecer nas suas ementas, os sabores identit\u00e1rios da cozinha tradicional aveirense.<br>Na loja Esta\u00e7\u00e3o, h\u00e1 provas e degusta\u00e7\u00f5es de Vinho Licoroso Bairrada com o afamado Ovo Mole de Aveiro.<br><br>Em janeiro, o grande destaque vai para as Festas de S\u00e3o Gon\u00e7alinho.<br>Boas Festas em Aveiro!<\/p>\n\n\n\n<figure class=\"wp-block-embed is-type-video is-provider-youtube wp-block-embed-youtube wp-embed-aspect-16-9 wp-has-aspect-ratio\"><div class=\"wp-block-embed__wrapper\">\n<iframe title=\"Aveiro com Boas Festas at\u00e9 ao S\u00e3o Gon\u00e7alinho\" width=\"790\" height=\"444\" data-src=\"https:\/\/www.youtube.com\/embed\/h24DSUMWObc?feature=oembed\" frameborder=\"0\" allow=\"accelerometer; autoplay; clipboard-write; encrypted-media; gyroscope; picture-in-picture\" allowfullscreen src=\"data:image\/svg+xml;base64,PHN2ZyB3aWR0aD0iMSIgaGVpZ2h0PSIxIiB4bWxucz0iaHR0cDovL3d3dy53My5vcmcvMjAwMC9zdmciPjwvc3ZnPg==\" class=\"lazyload\" data-load-mode=\"1\"><\/iframe>\n<\/div><\/figure>\n\n\n\n<div class=\"ictab-main-container-wrap ictab-clearfix ictab-bgsection-custom\" id=\"ictab-random-457914425\" style=\"width:;height:;\">\r\n    <div class=\"ictab-available-template-wrap ictab-template3\">\r\n          <div class=\"ictab-inner-wrapper ictab-bgcolor-wrap ictab-parallax-enabled ictab-parallax-for-videos-fixes\"  style=\"background-color:#dd9933\">   \r\n                            <div class=\"ictab-common-overlay\"><\/div>\r\n                                    <div class=\"ictab-single-content-wrapper\">\r\n<div class=\"ictab-content-wrap-section\">\r\n <div class=\"ictab-header-text-wrap wow animated fadeInRight\">\r\n <h3>Macari Travel <\/h3>\r\n<\/div>\r\n\r\n <div class=\"ictab-description-content-wrap wow animated fadeInUp\">\r\n  Viagens incr\u00edveis? Somos especialistas!<\/div>\r\n <div class=\"ictab-ctabbutton-wrap\">\r\n <div class=\"ictab-btn-wrap ictab-button-wrap  wow animated fadeInLeft\" id=\"ictab-btn1-821204744\">\r\n   <div class=\"ictab-button-main-wrap \">\r\n    <a href=\"https:\/\/app.leadster.com.br\/capture\/nhN7xpHVG0c89b64\"   \r\n      class=\"ictab-btn-tag ictab_show_both ictab-external-btn-type \r\n      button-shine\" target='_blank' data-text=\"Entre em Contato\">\r\n        <span data-text='Entre em Contato'>Entre em Contato<\/span>    <\/a>\r\n   <\/div>\r\n<\/div>\r\n<style>\r\n<\/style>\r\n<\/div>   <\/div>\r\n<\/div>\r\n         <\/div>\r\n    <\/div>\r\n<style type='text\/css' media='all'>\r\n.ictab-main-container-wrap#ictab-random-457914425 .ictab-header-text-wrap h3 {  }\r\n\r\n\r\n    <\/style>\r\n<style type='text\/css' media='all'>\r\n#ictab-random-457914425 .ictab-template3 .ictab-content-wrap-section:before{\r\nbackground-color:#ddb033;\r\n}\r\n#ictab-random-457914425 .ictab-template4 .ictab-inner-wrapper .ictab-content-wrap-section{\r\nbackground:#ddb033;\r\n}\r\n\r\n#ictab-random-457914425 .ictab-template36 .ictab-double-content-wrapper .ictab-content-wrap-section .ictab-left-content-wrap{\r\n   background:#ddb033; \r\n}\r\n<\/style>\r\n<\/div>\n\n\n","protected":false},"excerpt":{"rendered":"<p> Centro de Portugal \u00e9 uma regi\u00e3o diversificada de tradi\u00e7\u00f5es e costumes bem enraizados na cultura do pa\u00eds. A \u00e9poca natal\u00edcia n\u00e3o \u00e9 exce\u00e7\u00e3o e h\u00e1 in\u00fameros rituais que se mant\u00eam bem vivos ano ap\u00f3s ano. H\u00e1 tradi\u00e7\u00f5es que se repetem do litoral ao interior, como o pres\u00e9pio, a \u00e1rvore enfeitada, o &#8220;Pai Natal&#8221;, a troca de presentes \u00e0 meia-noite e o bacalhau entre outros.<\/p>\n","protected":false},"author":1,"featured_media":1489,"comment_status":"open","ping_status":"closed","sticky":false,"template":"","format":"standard","meta":{"sfsi_plus_gutenberg_text_before_share":"","sfsi_plus_gutenberg_show_text_before_share":"","sfsi_plus_gutenberg_icon_type":"","sfsi_plus_gutenberg_icon_alignemt":"","sfsi_plus_gutenburg_max_per_row":"","episode_type":"","audio_file":"","podmotor_file_id":"","podmotor_episode_id":"","cover_image":"","cover_image_id":"","duration":"","filesize":"","filesize_raw":"","date_recorded":"","explicit":"","block":"","itunes_episode_number":"","itunes_title":"","itunes_season_number":"","itunes_episode_type":"","jetpack_post_was_ever_published":false,"_jetpack_newsletter_access":"","_jetpack_dont_email_post_to_subs":false,"_jetpack_newsletter_tier_id":0,"_jetpack_memberships_contains_paywalled_content":false,"_jetpack_memberships_contains_paid_content":false,"footnotes":"","jetpack_publicize_message":"","jetpack_publicize_feature_enabled":true,"jetpack_social_post_already_shared":true,"jetpack_social_options":{"image_generator_settings":{"template":"highway","default_image_id":0,"font":"","enabled":false},"version":2}},"categories":[17,88],"tags":[167,21,15,170,166,169,168,89],"class_list":["post-1486","post","type-post","status-publish","format-standard","has-post-thumbnail","hentry","category-europa","category-portugal","tag-centro-de-portugal","tag-dicas","tag-europa","tag-festas","tag-natal","tag-pai-natal","tag-papai-noel","tag-portugal"],"yoast_head":"<!-- This site is optimized with the Yoast SEO plugin v27.5 - https:\/\/yoast.com\/product\/yoast-seo-wordpress\/ -->\n<title>10 tradi\u00e7\u00f5es e eventos de Natal do Centro de Portugal para 2022 - Macari Travel Blog<\/title>\n<meta name=\"description\" content=\"Centro de Portugal \u00e9 uma regi\u00e3o diversificada de tradi\u00e7\u00f5es e costumes bem enraizados na cultura do pa\u00eds. A \u00e9poca natal\u00edcia n\u00e3o \u00e9 exce\u00e7\u00e3o e h\u00e1 in\u00fameros rituais que se mant\u00eam bem vivos ano ap\u00f3s ano. H\u00e1 tradi\u00e7\u00f5es que se repetem do litoral ao interior, como o pres\u00e9pio, a \u00e1rvore enfeitada, o &quot;Pai Natal&quot;, a troca de presentes \u00e0 meia-noite e o bacalhau entre outros.\" \/>\n<meta name=\"robots\" content=\"index, follow, max-snippet:-1, max-image-preview:large, max-video-preview:-1\" \/>\n<link rel=\"canonical\" href=\"https:\/\/macaritravel.com\/blog\/10-tradicoes-e-eventos-de-natal-do-centro-de-portugal-para-2022\/\" \/>\n<meta property=\"og:locale\" content=\"pt_BR\" \/>\n<meta property=\"og:type\" content=\"article\" \/>\n<meta property=\"og:title\" content=\"10 tradi\u00e7\u00f5es e eventos de Natal do Centro de Portugal para 2022 - Macari Travel Blog\" \/>\n<meta property=\"og:description\" content=\"Centro de Portugal \u00e9 uma regi\u00e3o diversificada de tradi\u00e7\u00f5es e costumes bem enraizados na cultura do pa\u00eds. A \u00e9poca natal\u00edcia n\u00e3o \u00e9 exce\u00e7\u00e3o e h\u00e1 in\u00fameros rituais que se mant\u00eam bem vivos ano ap\u00f3s ano. H\u00e1 tradi\u00e7\u00f5es que se repetem do litoral ao interior, como o pres\u00e9pio, a \u00e1rvore enfeitada, o &quot;Pai Natal&quot;, a troca de presentes \u00e0 meia-noite e o bacalhau entre outros.\" \/>\n<meta property=\"og:url\" content=\"https:\/\/macaritravel.com\/blog\/10-tradicoes-e-eventos-de-natal-do-centro-de-portugal-para-2022\/\" \/>\n<meta property=\"og:site_name\" content=\"Macari Travel Blog\" \/>\n<meta property=\"article:publisher\" content=\"https:\/\/www.facebook.com\/MacariTravel\" \/>\n<meta property=\"article:author\" content=\"http:\/\/facebook.com\/macaritravel\" \/>\n<meta property=\"article:published_time\" content=\"2022-12-15T10:10:05+00:00\" \/>\n<meta property=\"article:modified_time\" content=\"2022-12-15T10:10:10+00:00\" \/>\n<meta property=\"og:image\" content=\"https:\/\/macaritravel.com\/blog\/wp-content\/uploads\/2022\/12\/Screenshot-2022-12-15-at-10-08-59-10-TRADICOES-E-EVENTOS-DE-NATAL-Turismo-Centro-Portugal.png\" \/>\n\t<meta property=\"og:image:width\" content=\"817\" \/>\n\t<meta property=\"og:image:height\" content=\"543\" \/>\n\t<meta property=\"og:image:type\" content=\"image\/png\" \/>\n<meta name=\"author\" content=\"Macari Travel\" \/>\n<meta name=\"twitter:card\" content=\"summary_large_image\" \/>\n<meta name=\"twitter:label1\" content=\"Escrito por\" \/>\n\t<meta name=\"twitter:data1\" content=\"Macari Travel\" \/>\n\t<meta name=\"twitter:label2\" content=\"Est. tempo de leitura\" \/>\n\t<meta name=\"twitter:data2\" content=\"14 minutos\" \/>\n<script type=\"application\/ld+json\" class=\"yoast-schema-graph\">{\"@context\":\"https:\\\/\\\/schema.org\",\"@graph\":[{\"@type\":\"Article\",\"@id\":\"https:\\\/\\\/macaritravel.com\\\/blog\\\/10-tradicoes-e-eventos-de-natal-do-centro-de-portugal-para-2022\\\/#article\",\"isPartOf\":{\"@id\":\"https:\\\/\\\/macaritravel.com\\\/blog\\\/10-tradicoes-e-eventos-de-natal-do-centro-de-portugal-para-2022\\\/\"},\"author\":{\"name\":\"Macari Travel\",\"@id\":\"https:\\\/\\\/macaritravel.com\\\/blog\\\/#\\\/schema\\\/person\\\/e9960ec20c60bd30337fd00b82f2a928\"},\"headline\":\"10 tradi\u00e7\u00f5es e eventos de Natal do Centro de Portugal para 2022\",\"datePublished\":\"2022-12-15T10:10:05+00:00\",\"dateModified\":\"2022-12-15T10:10:10+00:00\",\"mainEntityOfPage\":{\"@id\":\"https:\\\/\\\/macaritravel.com\\\/blog\\\/10-tradicoes-e-eventos-de-natal-do-centro-de-portugal-para-2022\\\/\"},\"wordCount\":2656,\"commentCount\":0,\"publisher\":{\"@id\":\"https:\\\/\\\/macaritravel.com\\\/blog\\\/#organization\"},\"image\":{\"@id\":\"https:\\\/\\\/macaritravel.com\\\/blog\\\/10-tradicoes-e-eventos-de-natal-do-centro-de-portugal-para-2022\\\/#primaryimage\"},\"thumbnailUrl\":\"https:\\\/\\\/macaritravel.com\\\/blog\\\/wp-content\\\/uploads\\\/2022\\\/12\\\/Screenshot-2022-12-15-at-10-08-59-10-TRADICOES-E-EVENTOS-DE-NATAL-Turismo-Centro-Portugal.png\",\"keywords\":[\"Centro de Portugal\",\"Dicas\",\"Europa\",\"Festas\",\"Natal\",\"Pai Natal\",\"Papai Noel\",\"Portugal\"],\"articleSection\":[\"Europa\",\"Portugal\"],\"inLanguage\":\"pt-BR\",\"potentialAction\":[{\"@type\":\"CommentAction\",\"name\":\"Comment\",\"target\":[\"https:\\\/\\\/macaritravel.com\\\/blog\\\/10-tradicoes-e-eventos-de-natal-do-centro-de-portugal-para-2022\\\/#respond\"]}]},{\"@type\":\"WebPage\",\"@id\":\"https:\\\/\\\/macaritravel.com\\\/blog\\\/10-tradicoes-e-eventos-de-natal-do-centro-de-portugal-para-2022\\\/\",\"url\":\"https:\\\/\\\/macaritravel.com\\\/blog\\\/10-tradicoes-e-eventos-de-natal-do-centro-de-portugal-para-2022\\\/\",\"name\":\"10 tradi\u00e7\u00f5es e eventos de Natal do Centro de Portugal para 2022 - Macari Travel Blog\",\"isPartOf\":{\"@id\":\"https:\\\/\\\/macaritravel.com\\\/blog\\\/#website\"},\"primaryImageOfPage\":{\"@id\":\"https:\\\/\\\/macaritravel.com\\\/blog\\\/10-tradicoes-e-eventos-de-natal-do-centro-de-portugal-para-2022\\\/#primaryimage\"},\"image\":{\"@id\":\"https:\\\/\\\/macaritravel.com\\\/blog\\\/10-tradicoes-e-eventos-de-natal-do-centro-de-portugal-para-2022\\\/#primaryimage\"},\"thumbnailUrl\":\"https:\\\/\\\/macaritravel.com\\\/blog\\\/wp-content\\\/uploads\\\/2022\\\/12\\\/Screenshot-2022-12-15-at-10-08-59-10-TRADICOES-E-EVENTOS-DE-NATAL-Turismo-Centro-Portugal.png\",\"datePublished\":\"2022-12-15T10:10:05+00:00\",\"dateModified\":\"2022-12-15T10:10:10+00:00\",\"description\":\"Centro de Portugal \u00e9 uma regi\u00e3o diversificada de tradi\u00e7\u00f5es e costumes bem enraizados na cultura do pa\u00eds. A \u00e9poca natal\u00edcia n\u00e3o \u00e9 exce\u00e7\u00e3o e h\u00e1 in\u00fameros rituais que se mant\u00eam bem vivos ano ap\u00f3s ano. H\u00e1 tradi\u00e7\u00f5es que se repetem do litoral ao interior, como o pres\u00e9pio, a \u00e1rvore enfeitada, o \\\"Pai Natal\\\", a troca de presentes \u00e0 meia-noite e o bacalhau entre outros.\",\"breadcrumb\":{\"@id\":\"https:\\\/\\\/macaritravel.com\\\/blog\\\/10-tradicoes-e-eventos-de-natal-do-centro-de-portugal-para-2022\\\/#breadcrumb\"},\"inLanguage\":\"pt-BR\",\"potentialAction\":[{\"@type\":\"ReadAction\",\"target\":[\"https:\\\/\\\/macaritravel.com\\\/blog\\\/10-tradicoes-e-eventos-de-natal-do-centro-de-portugal-para-2022\\\/\"]}]},{\"@type\":\"ImageObject\",\"inLanguage\":\"pt-BR\",\"@id\":\"https:\\\/\\\/macaritravel.com\\\/blog\\\/10-tradicoes-e-eventos-de-natal-do-centro-de-portugal-para-2022\\\/#primaryimage\",\"url\":\"https:\\\/\\\/macaritravel.com\\\/blog\\\/wp-content\\\/uploads\\\/2022\\\/12\\\/Screenshot-2022-12-15-at-10-08-59-10-TRADICOES-E-EVENTOS-DE-NATAL-Turismo-Centro-Portugal.png\",\"contentUrl\":\"https:\\\/\\\/macaritravel.com\\\/blog\\\/wp-content\\\/uploads\\\/2022\\\/12\\\/Screenshot-2022-12-15-at-10-08-59-10-TRADICOES-E-EVENTOS-DE-NATAL-Turismo-Centro-Portugal.png\",\"width\":817,\"height\":543},{\"@type\":\"BreadcrumbList\",\"@id\":\"https:\\\/\\\/macaritravel.com\\\/blog\\\/10-tradicoes-e-eventos-de-natal-do-centro-de-portugal-para-2022\\\/#breadcrumb\",\"itemListElement\":[{\"@type\":\"ListItem\",\"position\":1,\"name\":\"In\u00edcio\",\"item\":\"https:\\\/\\\/macaritravel.com\\\/blog\\\/\"},{\"@type\":\"ListItem\",\"position\":2,\"name\":\"10 tradi\u00e7\u00f5es e eventos de Natal do Centro de Portugal para 2022\"}]},{\"@type\":\"WebSite\",\"@id\":\"https:\\\/\\\/macaritravel.com\\\/blog\\\/#website\",\"url\":\"https:\\\/\\\/macaritravel.com\\\/blog\\\/\",\"name\":\"Blog da Macari Travel\",\"description\":\"Blog Oficial da Macari Travel\",\"publisher\":{\"@id\":\"https:\\\/\\\/macaritravel.com\\\/blog\\\/#organization\"},\"potentialAction\":[{\"@type\":\"SearchAction\",\"target\":{\"@type\":\"EntryPoint\",\"urlTemplate\":\"https:\\\/\\\/macaritravel.com\\\/blog\\\/?s={search_term_string}\"},\"query-input\":{\"@type\":\"PropertyValueSpecification\",\"valueRequired\":true,\"valueName\":\"search_term_string\"}}],\"inLanguage\":\"pt-BR\"},{\"@type\":\"Organization\",\"@id\":\"https:\\\/\\\/macaritravel.com\\\/blog\\\/#organization\",\"name\":\"Macari Travel\",\"url\":\"https:\\\/\\\/macaritravel.com\\\/blog\\\/\",\"logo\":{\"@type\":\"ImageObject\",\"inLanguage\":\"pt-BR\",\"@id\":\"https:\\\/\\\/macaritravel.com\\\/blog\\\/#\\\/schema\\\/logo\\\/image\\\/\",\"url\":\"https:\\\/\\\/macaritravel.com\\\/blog\\\/wp-content\\\/uploads\\\/2022\\\/10\\\/Logo-MT-Oficial.png\",\"contentUrl\":\"https:\\\/\\\/macaritravel.com\\\/blog\\\/wp-content\\\/uploads\\\/2022\\\/10\\\/Logo-MT-Oficial.png\",\"width\":1350,\"height\":600,\"caption\":\"Macari Travel\"},\"image\":{\"@id\":\"https:\\\/\\\/macaritravel.com\\\/blog\\\/#\\\/schema\\\/logo\\\/image\\\/\"},\"sameAs\":[\"https:\\\/\\\/www.facebook.com\\\/MacariTravel\",\"https:\\\/\\\/www.instagram.com\\\/macari_travel\\\/\"]},{\"@type\":\"Person\",\"@id\":\"https:\\\/\\\/macaritravel.com\\\/blog\\\/#\\\/schema\\\/person\\\/e9960ec20c60bd30337fd00b82f2a928\",\"name\":\"Macari Travel\",\"image\":{\"@type\":\"ImageObject\",\"inLanguage\":\"pt-BR\",\"@id\":\"https:\\\/\\\/macaritravel.com\\\/blog\\\/wp-content\\\/uploads\\\/2024\\\/04\\\/Logo-redondo-com-fundo-branco-maior-150x150.png\",\"url\":\"https:\\\/\\\/macaritravel.com\\\/blog\\\/wp-content\\\/uploads\\\/2024\\\/04\\\/Logo-redondo-com-fundo-branco-maior-150x150.png\",\"contentUrl\":\"https:\\\/\\\/macaritravel.com\\\/blog\\\/wp-content\\\/uploads\\\/2024\\\/04\\\/Logo-redondo-com-fundo-branco-maior-150x150.png\",\"caption\":\"Macari Travel\"},\"description\":\"Dispomos de consultores com uma m\u00e9dia de 20 anos de experi\u00eancia e paix\u00e3o por viagens, que ir\u00e3o trabalhar os detalhes e criar f\u00e9rias inesquec\u00edveis.\",\"sameAs\":[\"https:\\\/\\\/macaritravel.com\\\/blog\",\"http:\\\/\\\/facebook.com\\\/macaritravel\",\"http:\\\/\\\/instagram.com\\\/macari_travel\"],\"url\":\"https:\\\/\\\/macaritravel.com\\\/blog\\\/author\\\/macari\\\/\"}]}<\/script>\n<!-- \/ Yoast SEO plugin. -->","yoast_head_json":{"title":"10 tradi\u00e7\u00f5es e eventos de Natal do Centro de Portugal para 2022 - Macari Travel Blog","description":"Centro de Portugal \u00e9 uma regi\u00e3o diversificada de tradi\u00e7\u00f5es e costumes bem enraizados na cultura do pa\u00eds. A \u00e9poca natal\u00edcia n\u00e3o \u00e9 exce\u00e7\u00e3o e h\u00e1 in\u00fameros rituais que se mant\u00eam bem vivos ano ap\u00f3s ano. H\u00e1 tradi\u00e7\u00f5es que se repetem do litoral ao interior, como o pres\u00e9pio, a \u00e1rvore enfeitada, o \"Pai Natal\", a troca de presentes \u00e0 meia-noite e o bacalhau entre outros.","robots":{"index":"index","follow":"follow","max-snippet":"max-snippet:-1","max-image-preview":"max-image-preview:large","max-video-preview":"max-video-preview:-1"},"canonical":"https:\/\/macaritravel.com\/blog\/10-tradicoes-e-eventos-de-natal-do-centro-de-portugal-para-2022\/","og_locale":"pt_BR","og_type":"article","og_title":"10 tradi\u00e7\u00f5es e eventos de Natal do Centro de Portugal para 2022 - Macari Travel Blog","og_description":"Centro de Portugal \u00e9 uma regi\u00e3o diversificada de tradi\u00e7\u00f5es e costumes bem enraizados na cultura do pa\u00eds. A \u00e9poca natal\u00edcia n\u00e3o \u00e9 exce\u00e7\u00e3o e h\u00e1 in\u00fameros rituais que se mant\u00eam bem vivos ano ap\u00f3s ano. H\u00e1 tradi\u00e7\u00f5es que se repetem do litoral ao interior, como o pres\u00e9pio, a \u00e1rvore enfeitada, o \"Pai Natal\", a troca de presentes \u00e0 meia-noite e o bacalhau entre outros.","og_url":"https:\/\/macaritravel.com\/blog\/10-tradicoes-e-eventos-de-natal-do-centro-de-portugal-para-2022\/","og_site_name":"Macari Travel Blog","article_publisher":"https:\/\/www.facebook.com\/MacariTravel","article_author":"http:\/\/facebook.com\/macaritravel","article_published_time":"2022-12-15T10:10:05+00:00","article_modified_time":"2022-12-15T10:10:10+00:00","og_image":[{"width":817,"height":543,"url":"https:\/\/macaritravel.com\/blog\/wp-content\/uploads\/2022\/12\/Screenshot-2022-12-15-at-10-08-59-10-TRADICOES-E-EVENTOS-DE-NATAL-Turismo-Centro-Portugal.png","type":"image\/png"}],"author":"Macari Travel","twitter_card":"summary_large_image","twitter_misc":{"Escrito por":"Macari Travel","Est. tempo de leitura":"14 minutos"},"schema":{"@context":"https:\/\/schema.org","@graph":[{"@type":"Article","@id":"https:\/\/macaritravel.com\/blog\/10-tradicoes-e-eventos-de-natal-do-centro-de-portugal-para-2022\/#article","isPartOf":{"@id":"https:\/\/macaritravel.com\/blog\/10-tradicoes-e-eventos-de-natal-do-centro-de-portugal-para-2022\/"},"author":{"name":"Macari Travel","@id":"https:\/\/macaritravel.com\/blog\/#\/schema\/person\/e9960ec20c60bd30337fd00b82f2a928"},"headline":"10 tradi\u00e7\u00f5es e eventos de Natal do Centro de Portugal para 2022","datePublished":"2022-12-15T10:10:05+00:00","dateModified":"2022-12-15T10:10:10+00:00","mainEntityOfPage":{"@id":"https:\/\/macaritravel.com\/blog\/10-tradicoes-e-eventos-de-natal-do-centro-de-portugal-para-2022\/"},"wordCount":2656,"commentCount":0,"publisher":{"@id":"https:\/\/macaritravel.com\/blog\/#organization"},"image":{"@id":"https:\/\/macaritravel.com\/blog\/10-tradicoes-e-eventos-de-natal-do-centro-de-portugal-para-2022\/#primaryimage"},"thumbnailUrl":"https:\/\/macaritravel.com\/blog\/wp-content\/uploads\/2022\/12\/Screenshot-2022-12-15-at-10-08-59-10-TRADICOES-E-EVENTOS-DE-NATAL-Turismo-Centro-Portugal.png","keywords":["Centro de Portugal","Dicas","Europa","Festas","Natal","Pai Natal","Papai Noel","Portugal"],"articleSection":["Europa","Portugal"],"inLanguage":"pt-BR","potentialAction":[{"@type":"CommentAction","name":"Comment","target":["https:\/\/macaritravel.com\/blog\/10-tradicoes-e-eventos-de-natal-do-centro-de-portugal-para-2022\/#respond"]}]},{"@type":"WebPage","@id":"https:\/\/macaritravel.com\/blog\/10-tradicoes-e-eventos-de-natal-do-centro-de-portugal-para-2022\/","url":"https:\/\/macaritravel.com\/blog\/10-tradicoes-e-eventos-de-natal-do-centro-de-portugal-para-2022\/","name":"10 tradi\u00e7\u00f5es e eventos de Natal do Centro de Portugal para 2022 - Macari Travel Blog","isPartOf":{"@id":"https:\/\/macaritravel.com\/blog\/#website"},"primaryImageOfPage":{"@id":"https:\/\/macaritravel.com\/blog\/10-tradicoes-e-eventos-de-natal-do-centro-de-portugal-para-2022\/#primaryimage"},"image":{"@id":"https:\/\/macaritravel.com\/blog\/10-tradicoes-e-eventos-de-natal-do-centro-de-portugal-para-2022\/#primaryimage"},"thumbnailUrl":"https:\/\/macaritravel.com\/blog\/wp-content\/uploads\/2022\/12\/Screenshot-2022-12-15-at-10-08-59-10-TRADICOES-E-EVENTOS-DE-NATAL-Turismo-Centro-Portugal.png","datePublished":"2022-12-15T10:10:05+00:00","dateModified":"2022-12-15T10:10:10+00:00","description":"Centro de Portugal \u00e9 uma regi\u00e3o diversificada de tradi\u00e7\u00f5es e costumes bem enraizados na cultura do pa\u00eds. A \u00e9poca natal\u00edcia n\u00e3o \u00e9 exce\u00e7\u00e3o e h\u00e1 in\u00fameros rituais que se mant\u00eam bem vivos ano ap\u00f3s ano. H\u00e1 tradi\u00e7\u00f5es que se repetem do litoral ao interior, como o pres\u00e9pio, a \u00e1rvore enfeitada, o \"Pai Natal\", a troca de presentes \u00e0 meia-noite e o bacalhau entre outros.","breadcrumb":{"@id":"https:\/\/macaritravel.com\/blog\/10-tradicoes-e-eventos-de-natal-do-centro-de-portugal-para-2022\/#breadcrumb"},"inLanguage":"pt-BR","potentialAction":[{"@type":"ReadAction","target":["https:\/\/macaritravel.com\/blog\/10-tradicoes-e-eventos-de-natal-do-centro-de-portugal-para-2022\/"]}]},{"@type":"ImageObject","inLanguage":"pt-BR","@id":"https:\/\/macaritravel.com\/blog\/10-tradicoes-e-eventos-de-natal-do-centro-de-portugal-para-2022\/#primaryimage","url":"https:\/\/macaritravel.com\/blog\/wp-content\/uploads\/2022\/12\/Screenshot-2022-12-15-at-10-08-59-10-TRADICOES-E-EVENTOS-DE-NATAL-Turismo-Centro-Portugal.png","contentUrl":"https:\/\/macaritravel.com\/blog\/wp-content\/uploads\/2022\/12\/Screenshot-2022-12-15-at-10-08-59-10-TRADICOES-E-EVENTOS-DE-NATAL-Turismo-Centro-Portugal.png","width":817,"height":543},{"@type":"BreadcrumbList","@id":"https:\/\/macaritravel.com\/blog\/10-tradicoes-e-eventos-de-natal-do-centro-de-portugal-para-2022\/#breadcrumb","itemListElement":[{"@type":"ListItem","position":1,"name":"In\u00edcio","item":"https:\/\/macaritravel.com\/blog\/"},{"@type":"ListItem","position":2,"name":"10 tradi\u00e7\u00f5es e eventos de Natal do Centro de Portugal para 2022"}]},{"@type":"WebSite","@id":"https:\/\/macaritravel.com\/blog\/#website","url":"https:\/\/macaritravel.com\/blog\/","name":"Blog da Macari Travel","description":"Blog Oficial da Macari Travel","publisher":{"@id":"https:\/\/macaritravel.com\/blog\/#organization"},"potentialAction":[{"@type":"SearchAction","target":{"@type":"EntryPoint","urlTemplate":"https:\/\/macaritravel.com\/blog\/?s={search_term_string}"},"query-input":{"@type":"PropertyValueSpecification","valueRequired":true,"valueName":"search_term_string"}}],"inLanguage":"pt-BR"},{"@type":"Organization","@id":"https:\/\/macaritravel.com\/blog\/#organization","name":"Macari Travel","url":"https:\/\/macaritravel.com\/blog\/","logo":{"@type":"ImageObject","inLanguage":"pt-BR","@id":"https:\/\/macaritravel.com\/blog\/#\/schema\/logo\/image\/","url":"https:\/\/macaritravel.com\/blog\/wp-content\/uploads\/2022\/10\/Logo-MT-Oficial.png","contentUrl":"https:\/\/macaritravel.com\/blog\/wp-content\/uploads\/2022\/10\/Logo-MT-Oficial.png","width":1350,"height":600,"caption":"Macari Travel"},"image":{"@id":"https:\/\/macaritravel.com\/blog\/#\/schema\/logo\/image\/"},"sameAs":["https:\/\/www.facebook.com\/MacariTravel","https:\/\/www.instagram.com\/macari_travel\/"]},{"@type":"Person","@id":"https:\/\/macaritravel.com\/blog\/#\/schema\/person\/e9960ec20c60bd30337fd00b82f2a928","name":"Macari Travel","image":{"@type":"ImageObject","inLanguage":"pt-BR","@id":"https:\/\/macaritravel.com\/blog\/wp-content\/uploads\/2024\/04\/Logo-redondo-com-fundo-branco-maior-150x150.png","url":"https:\/\/macaritravel.com\/blog\/wp-content\/uploads\/2024\/04\/Logo-redondo-com-fundo-branco-maior-150x150.png","contentUrl":"https:\/\/macaritravel.com\/blog\/wp-content\/uploads\/2024\/04\/Logo-redondo-com-fundo-branco-maior-150x150.png","caption":"Macari Travel"},"description":"Dispomos de consultores com uma m\u00e9dia de 20 anos de experi\u00eancia e paix\u00e3o por viagens, que ir\u00e3o trabalhar os detalhes e criar f\u00e9rias inesquec\u00edveis.","sameAs":["https:\/\/macaritravel.com\/blog","http:\/\/facebook.com\/macaritravel","http:\/\/instagram.com\/macari_travel"],"url":"https:\/\/macaritravel.com\/blog\/author\/macari\/"}]}},"jetpack_publicize_connections":[],"jetpack_featured_media_url":"https:\/\/macaritravel.com\/blog\/wp-content\/uploads\/2022\/12\/Screenshot-2022-12-15-at-10-08-59-10-TRADICOES-E-EVENTOS-DE-NATAL-Turismo-Centro-Portugal.png","jetpack_sharing_enabled":true,"_links":{"self":[{"href":"https:\/\/macaritravel.com\/blog\/wp-json\/wp\/v2\/posts\/1486","targetHints":{"allow":["GET"]}}],"collection":[{"href":"https:\/\/macaritravel.com\/blog\/wp-json\/wp\/v2\/posts"}],"about":[{"href":"https:\/\/macaritravel.com\/blog\/wp-json\/wp\/v2\/types\/post"}],"author":[{"embeddable":true,"href":"https:\/\/macaritravel.com\/blog\/wp-json\/wp\/v2\/users\/1"}],"replies":[{"embeddable":true,"href":"https:\/\/macaritravel.com\/blog\/wp-json\/wp\/v2\/comments?post=1486"}],"version-history":[{"count":0,"href":"https:\/\/macaritravel.com\/blog\/wp-json\/wp\/v2\/posts\/1486\/revisions"}],"wp:featuredmedia":[{"embeddable":true,"href":"https:\/\/macaritravel.com\/blog\/wp-json\/wp\/v2\/media\/1489"}],"wp:attachment":[{"href":"https:\/\/macaritravel.com\/blog\/wp-json\/wp\/v2\/media?parent=1486"}],"wp:term":[{"taxonomy":"category","embeddable":true,"href":"https:\/\/macaritravel.com\/blog\/wp-json\/wp\/v2\/categories?post=1486"},{"taxonomy":"post_tag","embeddable":true,"href":"https:\/\/macaritravel.com\/blog\/wp-json\/wp\/v2\/tags?post=1486"}],"curies":[{"name":"wp","href":"https:\/\/api.w.org\/{rel}","templated":true}]}}