{"id":2313,"date":"2023-04-12T09:48:59","date_gmt":"2023-04-12T09:48:59","guid":{"rendered":"https:\/\/macaritravel.com\/blog\/?p=2313"},"modified":"2023-04-12T09:49:04","modified_gmt":"2023-04-12T09:49:04","slug":"vila-gale-planeja-dois-hoteis-em-minas-gerais-inhotim-e-ouro-preto","status":"publish","type":"post","link":"https:\/\/macaritravel.com\/blog\/vila-gale-planeja-dois-hoteis-em-minas-gerais-inhotim-e-ouro-preto\/","title":{"rendered":"Vila Gal\u00e9 planeja dois hot\u00e9is em Minas Gerais: Inhotim e Ouro Preto"},"content":{"rendered":"\n<p>A rede hoteleira Vila Gal\u00e9 est\u00e1 em negocia\u00e7\u00e3o para construir dois hot\u00e9is em Minas Gerais, um em Inhotim (Brumadinho) e outro em Ouro Preto, este \u00faltimo em fase \u201cmais adiantada\u201d de negocia\u00e7\u00f5es. <\/p>\n\n\n\n<p>A possibilidade de constru\u00e7\u00e3o em Inhotim foi anunciada pelo CEO da rede, Gon\u00e7alo Rebelo de Almeida, no 20\u00ba anivers\u00e1rio da rede no Brasil, em 2021. A proposta \u00e9 de ter um resort dentro do parque, um dos maiores museus de arte contempor\u00e2nea ao ar livre no mundo.<\/p>\n\n\n\n<p>J\u00e1 a nova op\u00e7\u00e3o na cidade hist\u00f3rica de Ouro Preto foi comunicada pela pelo portal <em>Di\u00e1rio do Com\u00e9rcio<\/em>, na semana passada. Seria um hotel Vila Gal\u00e9 no Col\u00e9gio Dom Bosco, antigo Quartel do Regimento de Cavalaria de Minas Gerais, no distrito de Cachoeira do Campo. O <em>Di\u00e1rio do Com\u00e9rcio <\/em>ainda noticiou que o contrato entre os Salesianos de Dom Bosco e a empresa portuguesa seria assinado &#8220;nos pr\u00f3ximos dias&#8221;.<\/p>\n\n\n\n<p>Vila Gal\u00e9 tem atualmente dez hot\u00e9is abertos no Brasil, nenhum em Minas Gerais.<\/p>\n\n\n\n<p>O grupo Vila Gal\u00e9 \u00e9 um dos principais grupos hoteleiros portugueses e integra o <em>ranking<\/em> das 169 maiores empresas hoteleiras a n\u00edvel mundial. \u00c9 composto por diversas sociedades, das quais se destaca, pela sua dimens\u00e3o e import\u00e2ncia, a VILA GAL\u00c9 \u2013 Sociedade de Empreendimentos Tur\u00edsticos, S.A., que faz parte do <em>ranking<\/em> 1 das empresas portuguesas.<\/p>\n","protected":false},"excerpt":{"rendered":"<p>A rede hoteleira Vila Gal\u00e9 est\u00e1 em negocia\u00e7\u00e3o para construir dois hot\u00e9is em Minas Gerais, um em Inhotim (Brumadinho) e outro em Ouro Preto, este \u00faltimo em fase \u201cmais adiantada\u201d de negocia\u00e7\u00f5es. <\/p>\n","protected":false},"author":1,"featured_media":2314,"comment_status":"open","ping_status":"closed","sticky":false,"template":"","format":"standard","meta":{"sfsi_plus_gutenberg_text_before_share":"","sfsi_plus_gutenberg_show_text_before_share":"","sfsi_plus_gutenberg_icon_type":"","sfsi_plus_gutenberg_icon_alignemt":"","sfsi_plus_gutenburg_max_per_row":"","episode_type":"","audio_file":"","podmotor_file_id":"","podmotor_episode_id":"","cover_image":"","cover_image_id":"","duration":"","filesize":"","filesize_raw":"","date_recorded":"","explicit":"","block":"","itunes_episode_number":"","itunes_title":"","itunes_season_number":"","itunes_episode_type":"","jetpack_post_was_ever_published":false,"_jetpack_newsletter_access":"","_jetpack_dont_email_post_to_subs":false,"_jetpack_newsletter_tier_id":0,"_jetpack_memberships_contains_paywalled_content":false,"_jetpack_memberships_contains_paid_content":false,"footnotes":"","jetpack_publicize_message":"","jetpack_publicize_feature_enabled":true,"jetpack_social_post_already_shared":true,"jetpack_social_options":{"image_generator_settings":{"template":"highway","default_image_id":0,"font":"","enabled":false},"version":2}},"categories":[43,266,38],"tags":[62,263,264,265],"class_list":["post-2313","post","type-post","status-publish","format-standard","has-post-thumbnail","hentry","category-brasil","category-minas-gerais","category-noticias","tag-brasil","tag-minas-gerais","tag-ouro-preto","tag-vila-gale"],"yoast_head":"<!-- This site is optimized with the Yoast SEO plugin v27.5 - https:\/\/yoast.com\/product\/yoast-seo-wordpress\/ -->\n<title>Vila Gal\u00e9 planeja dois hot\u00e9is em Minas Gerais: Inhotim e Ouro Preto - Macari Travel Blog<\/title>\n<meta name=\"description\" content=\"A rede hoteleira Vila Gal\u00e9 est\u00e1 em negocia\u00e7\u00e3o para construir dois hot\u00e9is em Minas Gerais, um em Inhotim (Brumadinho) e outro em Ouro Preto, este \u00faltimo em fase \u201cmais adiantada\u201d de negocia\u00e7\u00f5es.\" \/>\n<meta name=\"robots\" content=\"index, follow, max-snippet:-1, max-image-preview:large, max-video-preview:-1\" \/>\n<link rel=\"canonical\" href=\"https:\/\/macaritravel.com\/blog\/vila-gale-planeja-dois-hoteis-em-minas-gerais-inhotim-e-ouro-preto\/\" \/>\n<meta property=\"og:locale\" content=\"pt_BR\" \/>\n<meta property=\"og:type\" content=\"article\" \/>\n<meta property=\"og:title\" content=\"Vila Gal\u00e9 planeja dois hot\u00e9is em Minas Gerais: Inhotim e Ouro Preto - Macari Travel Blog\" \/>\n<meta property=\"og:description\" content=\"A rede hoteleira Vila Gal\u00e9 est\u00e1 em negocia\u00e7\u00e3o para construir dois hot\u00e9is em Minas Gerais, um em Inhotim (Brumadinho) e outro em Ouro Preto, este \u00faltimo em fase \u201cmais adiantada\u201d de negocia\u00e7\u00f5es.\" \/>\n<meta property=\"og:url\" content=\"https:\/\/macaritravel.com\/blog\/vila-gale-planeja-dois-hoteis-em-minas-gerais-inhotim-e-ouro-preto\/\" \/>\n<meta property=\"og:site_name\" content=\"Macari Travel Blog\" \/>\n<meta property=\"article:publisher\" content=\"https:\/\/www.facebook.com\/MacariTravel\" \/>\n<meta property=\"article:author\" content=\"http:\/\/facebook.com\/macaritravel\" \/>\n<meta property=\"article:published_time\" content=\"2023-04-12T09:48:59+00:00\" \/>\n<meta property=\"article:modified_time\" content=\"2023-04-12T09:49:04+00:00\" \/>\n<meta property=\"og:image\" content=\"https:\/\/macaritravel.com\/blog\/wp-content\/uploads\/2023\/04\/ouropreto.jpg\" \/>\n\t<meta property=\"og:image:width\" content=\"1232\" \/>\n\t<meta property=\"og:image:height\" content=\"818\" \/>\n\t<meta property=\"og:image:type\" content=\"image\/jpeg\" \/>\n<meta name=\"author\" content=\"Macari Travel\" \/>\n<meta name=\"twitter:card\" content=\"summary_large_image\" \/>\n<meta name=\"twitter:label1\" content=\"Escrito por\" \/>\n\t<meta name=\"twitter:data1\" content=\"Macari Travel\" \/>\n\t<meta name=\"twitter:label2\" content=\"Est. tempo de leitura\" \/>\n\t<meta name=\"twitter:data2\" content=\"2 minutos\" \/>\n<script type=\"application\/ld+json\" class=\"yoast-schema-graph\">{\"@context\":\"https:\\\/\\\/schema.org\",\"@graph\":[{\"@type\":\"Article\",\"@id\":\"https:\\\/\\\/macaritravel.com\\\/blog\\\/vila-gale-planeja-dois-hoteis-em-minas-gerais-inhotim-e-ouro-preto\\\/#article\",\"isPartOf\":{\"@id\":\"https:\\\/\\\/macaritravel.com\\\/blog\\\/vila-gale-planeja-dois-hoteis-em-minas-gerais-inhotim-e-ouro-preto\\\/\"},\"author\":{\"name\":\"Macari Travel\",\"@id\":\"https:\\\/\\\/macaritravel.com\\\/blog\\\/#\\\/schema\\\/person\\\/e9960ec20c60bd30337fd00b82f2a928\"},\"headline\":\"Vila Gal\u00e9 planeja dois hot\u00e9is em Minas Gerais: Inhotim e Ouro Preto\",\"datePublished\":\"2023-04-12T09:48:59+00:00\",\"dateModified\":\"2023-04-12T09:49:04+00:00\",\"mainEntityOfPage\":{\"@id\":\"https:\\\/\\\/macaritravel.com\\\/blog\\\/vila-gale-planeja-dois-hoteis-em-minas-gerais-inhotim-e-ouro-preto\\\/\"},\"wordCount\":242,\"commentCount\":0,\"publisher\":{\"@id\":\"https:\\\/\\\/macaritravel.com\\\/blog\\\/#organization\"},\"image\":{\"@id\":\"https:\\\/\\\/macaritravel.com\\\/blog\\\/vila-gale-planeja-dois-hoteis-em-minas-gerais-inhotim-e-ouro-preto\\\/#primaryimage\"},\"thumbnailUrl\":\"https:\\\/\\\/macaritravel.com\\\/blog\\\/wp-content\\\/uploads\\\/2023\\\/04\\\/ouropreto.jpg\",\"keywords\":[\"Brasil\",\"Minas Gerais\",\"Ouro Preto\",\"Vila Gale\"],\"articleSection\":[\"Brasil\",\"Minas Gerais\",\"Noticias\"],\"inLanguage\":\"pt-BR\",\"potentialAction\":[{\"@type\":\"CommentAction\",\"name\":\"Comment\",\"target\":[\"https:\\\/\\\/macaritravel.com\\\/blog\\\/vila-gale-planeja-dois-hoteis-em-minas-gerais-inhotim-e-ouro-preto\\\/#respond\"]}]},{\"@type\":\"WebPage\",\"@id\":\"https:\\\/\\\/macaritravel.com\\\/blog\\\/vila-gale-planeja-dois-hoteis-em-minas-gerais-inhotim-e-ouro-preto\\\/\",\"url\":\"https:\\\/\\\/macaritravel.com\\\/blog\\\/vila-gale-planeja-dois-hoteis-em-minas-gerais-inhotim-e-ouro-preto\\\/\",\"name\":\"Vila Gal\u00e9 planeja dois hot\u00e9is em Minas Gerais: Inhotim e Ouro Preto - Macari Travel Blog\",\"isPartOf\":{\"@id\":\"https:\\\/\\\/macaritravel.com\\\/blog\\\/#website\"},\"primaryImageOfPage\":{\"@id\":\"https:\\\/\\\/macaritravel.com\\\/blog\\\/vila-gale-planeja-dois-hoteis-em-minas-gerais-inhotim-e-ouro-preto\\\/#primaryimage\"},\"image\":{\"@id\":\"https:\\\/\\\/macaritravel.com\\\/blog\\\/vila-gale-planeja-dois-hoteis-em-minas-gerais-inhotim-e-ouro-preto\\\/#primaryimage\"},\"thumbnailUrl\":\"https:\\\/\\\/macaritravel.com\\\/blog\\\/wp-content\\\/uploads\\\/2023\\\/04\\\/ouropreto.jpg\",\"datePublished\":\"2023-04-12T09:48:59+00:00\",\"dateModified\":\"2023-04-12T09:49:04+00:00\",\"description\":\"A rede hoteleira Vila Gal\u00e9 est\u00e1 em negocia\u00e7\u00e3o para construir dois hot\u00e9is em Minas Gerais, um em Inhotim (Brumadinho) e outro em Ouro Preto, este \u00faltimo em fase \u201cmais adiantada\u201d de negocia\u00e7\u00f5es.\",\"breadcrumb\":{\"@id\":\"https:\\\/\\\/macaritravel.com\\\/blog\\\/vila-gale-planeja-dois-hoteis-em-minas-gerais-inhotim-e-ouro-preto\\\/#breadcrumb\"},\"inLanguage\":\"pt-BR\",\"potentialAction\":[{\"@type\":\"ReadAction\",\"target\":[\"https:\\\/\\\/macaritravel.com\\\/blog\\\/vila-gale-planeja-dois-hoteis-em-minas-gerais-inhotim-e-ouro-preto\\\/\"]}]},{\"@type\":\"ImageObject\",\"inLanguage\":\"pt-BR\",\"@id\":\"https:\\\/\\\/macaritravel.com\\\/blog\\\/vila-gale-planeja-dois-hoteis-em-minas-gerais-inhotim-e-ouro-preto\\\/#primaryimage\",\"url\":\"https:\\\/\\\/macaritravel.com\\\/blog\\\/wp-content\\\/uploads\\\/2023\\\/04\\\/ouropreto.jpg\",\"contentUrl\":\"https:\\\/\\\/macaritravel.com\\\/blog\\\/wp-content\\\/uploads\\\/2023\\\/04\\\/ouropreto.jpg\",\"width\":1232,\"height\":818},{\"@type\":\"BreadcrumbList\",\"@id\":\"https:\\\/\\\/macaritravel.com\\\/blog\\\/vila-gale-planeja-dois-hoteis-em-minas-gerais-inhotim-e-ouro-preto\\\/#breadcrumb\",\"itemListElement\":[{\"@type\":\"ListItem\",\"position\":1,\"name\":\"In\u00edcio\",\"item\":\"https:\\\/\\\/macaritravel.com\\\/blog\\\/\"},{\"@type\":\"ListItem\",\"position\":2,\"name\":\"Vila Gal\u00e9 planeja dois hot\u00e9is em Minas Gerais: Inhotim e Ouro Preto\"}]},{\"@type\":\"WebSite\",\"@id\":\"https:\\\/\\\/macaritravel.com\\\/blog\\\/#website\",\"url\":\"https:\\\/\\\/macaritravel.com\\\/blog\\\/\",\"name\":\"Blog da Macari Travel\",\"description\":\"Blog Oficial da Macari Travel\",\"publisher\":{\"@id\":\"https:\\\/\\\/macaritravel.com\\\/blog\\\/#organization\"},\"potentialAction\":[{\"@type\":\"SearchAction\",\"target\":{\"@type\":\"EntryPoint\",\"urlTemplate\":\"https:\\\/\\\/macaritravel.com\\\/blog\\\/?s={search_term_string}\"},\"query-input\":{\"@type\":\"PropertyValueSpecification\",\"valueRequired\":true,\"valueName\":\"search_term_string\"}}],\"inLanguage\":\"pt-BR\"},{\"@type\":\"Organization\",\"@id\":\"https:\\\/\\\/macaritravel.com\\\/blog\\\/#organization\",\"name\":\"Macari Travel\",\"url\":\"https:\\\/\\\/macaritravel.com\\\/blog\\\/\",\"logo\":{\"@type\":\"ImageObject\",\"inLanguage\":\"pt-BR\",\"@id\":\"https:\\\/\\\/macaritravel.com\\\/blog\\\/#\\\/schema\\\/logo\\\/image\\\/\",\"url\":\"https:\\\/\\\/macaritravel.com\\\/blog\\\/wp-content\\\/uploads\\\/2022\\\/10\\\/Logo-MT-Oficial.png\",\"contentUrl\":\"https:\\\/\\\/macaritravel.com\\\/blog\\\/wp-content\\\/uploads\\\/2022\\\/10\\\/Logo-MT-Oficial.png\",\"width\":1350,\"height\":600,\"caption\":\"Macari Travel\"},\"image\":{\"@id\":\"https:\\\/\\\/macaritravel.com\\\/blog\\\/#\\\/schema\\\/logo\\\/image\\\/\"},\"sameAs\":[\"https:\\\/\\\/www.facebook.com\\\/MacariTravel\",\"https:\\\/\\\/www.instagram.com\\\/macari_travel\\\/\"]},{\"@type\":\"Person\",\"@id\":\"https:\\\/\\\/macaritravel.com\\\/blog\\\/#\\\/schema\\\/person\\\/e9960ec20c60bd30337fd00b82f2a928\",\"name\":\"Macari Travel\",\"image\":{\"@type\":\"ImageObject\",\"inLanguage\":\"pt-BR\",\"@id\":\"https:\\\/\\\/macaritravel.com\\\/blog\\\/wp-content\\\/uploads\\\/2024\\\/04\\\/Logo-redondo-com-fundo-branco-maior-150x150.png\",\"url\":\"https:\\\/\\\/macaritravel.com\\\/blog\\\/wp-content\\\/uploads\\\/2024\\\/04\\\/Logo-redondo-com-fundo-branco-maior-150x150.png\",\"contentUrl\":\"https:\\\/\\\/macaritravel.com\\\/blog\\\/wp-content\\\/uploads\\\/2024\\\/04\\\/Logo-redondo-com-fundo-branco-maior-150x150.png\",\"caption\":\"Macari Travel\"},\"description\":\"Dispomos de consultores com uma m\u00e9dia de 20 anos de experi\u00eancia e paix\u00e3o por viagens, que ir\u00e3o trabalhar os detalhes e criar f\u00e9rias inesquec\u00edveis.\",\"sameAs\":[\"https:\\\/\\\/macaritravel.com\\\/blog\",\"http:\\\/\\\/facebook.com\\\/macaritravel\",\"http:\\\/\\\/instagram.com\\\/macari_travel\"],\"url\":\"https:\\\/\\\/macaritravel.com\\\/blog\\\/author\\\/macari\\\/\"}]}<\/script>\n<!-- \/ Yoast SEO plugin. -->","yoast_head_json":{"title":"Vila Gal\u00e9 planeja dois hot\u00e9is em Minas Gerais: Inhotim e Ouro Preto - Macari Travel Blog","description":"A rede hoteleira Vila Gal\u00e9 est\u00e1 em negocia\u00e7\u00e3o para construir dois hot\u00e9is em Minas Gerais, um em Inhotim (Brumadinho) e outro em Ouro Preto, este \u00faltimo em fase \u201cmais adiantada\u201d de negocia\u00e7\u00f5es.","robots":{"index":"index","follow":"follow","max-snippet":"max-snippet:-1","max-image-preview":"max-image-preview:large","max-video-preview":"max-video-preview:-1"},"canonical":"https:\/\/macaritravel.com\/blog\/vila-gale-planeja-dois-hoteis-em-minas-gerais-inhotim-e-ouro-preto\/","og_locale":"pt_BR","og_type":"article","og_title":"Vila Gal\u00e9 planeja dois hot\u00e9is em Minas Gerais: Inhotim e Ouro Preto - Macari Travel Blog","og_description":"A rede hoteleira Vila Gal\u00e9 est\u00e1 em negocia\u00e7\u00e3o para construir dois hot\u00e9is em Minas Gerais, um em Inhotim (Brumadinho) e outro em Ouro Preto, este \u00faltimo em fase \u201cmais adiantada\u201d de negocia\u00e7\u00f5es.","og_url":"https:\/\/macaritravel.com\/blog\/vila-gale-planeja-dois-hoteis-em-minas-gerais-inhotim-e-ouro-preto\/","og_site_name":"Macari Travel Blog","article_publisher":"https:\/\/www.facebook.com\/MacariTravel","article_author":"http:\/\/facebook.com\/macaritravel","article_published_time":"2023-04-12T09:48:59+00:00","article_modified_time":"2023-04-12T09:49:04+00:00","og_image":[{"width":1232,"height":818,"url":"https:\/\/macaritravel.com\/blog\/wp-content\/uploads\/2023\/04\/ouropreto.jpg","type":"image\/jpeg"}],"author":"Macari Travel","twitter_card":"summary_large_image","twitter_misc":{"Escrito por":"Macari Travel","Est. tempo de leitura":"2 minutos"},"schema":{"@context":"https:\/\/schema.org","@graph":[{"@type":"Article","@id":"https:\/\/macaritravel.com\/blog\/vila-gale-planeja-dois-hoteis-em-minas-gerais-inhotim-e-ouro-preto\/#article","isPartOf":{"@id":"https:\/\/macaritravel.com\/blog\/vila-gale-planeja-dois-hoteis-em-minas-gerais-inhotim-e-ouro-preto\/"},"author":{"name":"Macari Travel","@id":"https:\/\/macaritravel.com\/blog\/#\/schema\/person\/e9960ec20c60bd30337fd00b82f2a928"},"headline":"Vila Gal\u00e9 planeja dois hot\u00e9is em Minas Gerais: Inhotim e Ouro Preto","datePublished":"2023-04-12T09:48:59+00:00","dateModified":"2023-04-12T09:49:04+00:00","mainEntityOfPage":{"@id":"https:\/\/macaritravel.com\/blog\/vila-gale-planeja-dois-hoteis-em-minas-gerais-inhotim-e-ouro-preto\/"},"wordCount":242,"commentCount":0,"publisher":{"@id":"https:\/\/macaritravel.com\/blog\/#organization"},"image":{"@id":"https:\/\/macaritravel.com\/blog\/vila-gale-planeja-dois-hoteis-em-minas-gerais-inhotim-e-ouro-preto\/#primaryimage"},"thumbnailUrl":"https:\/\/macaritravel.com\/blog\/wp-content\/uploads\/2023\/04\/ouropreto.jpg","keywords":["Brasil","Minas Gerais","Ouro Preto","Vila Gale"],"articleSection":["Brasil","Minas Gerais","Noticias"],"inLanguage":"pt-BR","potentialAction":[{"@type":"CommentAction","name":"Comment","target":["https:\/\/macaritravel.com\/blog\/vila-gale-planeja-dois-hoteis-em-minas-gerais-inhotim-e-ouro-preto\/#respond"]}]},{"@type":"WebPage","@id":"https:\/\/macaritravel.com\/blog\/vila-gale-planeja-dois-hoteis-em-minas-gerais-inhotim-e-ouro-preto\/","url":"https:\/\/macaritravel.com\/blog\/vila-gale-planeja-dois-hoteis-em-minas-gerais-inhotim-e-ouro-preto\/","name":"Vila Gal\u00e9 planeja dois hot\u00e9is em Minas Gerais: Inhotim e Ouro Preto - Macari Travel Blog","isPartOf":{"@id":"https:\/\/macaritravel.com\/blog\/#website"},"primaryImageOfPage":{"@id":"https:\/\/macaritravel.com\/blog\/vila-gale-planeja-dois-hoteis-em-minas-gerais-inhotim-e-ouro-preto\/#primaryimage"},"image":{"@id":"https:\/\/macaritravel.com\/blog\/vila-gale-planeja-dois-hoteis-em-minas-gerais-inhotim-e-ouro-preto\/#primaryimage"},"thumbnailUrl":"https:\/\/macaritravel.com\/blog\/wp-content\/uploads\/2023\/04\/ouropreto.jpg","datePublished":"2023-04-12T09:48:59+00:00","dateModified":"2023-04-12T09:49:04+00:00","description":"A rede hoteleira Vila Gal\u00e9 est\u00e1 em negocia\u00e7\u00e3o para construir dois hot\u00e9is em Minas Gerais, um em Inhotim (Brumadinho) e outro em Ouro Preto, este \u00faltimo em fase \u201cmais adiantada\u201d de negocia\u00e7\u00f5es.","breadcrumb":{"@id":"https:\/\/macaritravel.com\/blog\/vila-gale-planeja-dois-hoteis-em-minas-gerais-inhotim-e-ouro-preto\/#breadcrumb"},"inLanguage":"pt-BR","potentialAction":[{"@type":"ReadAction","target":["https:\/\/macaritravel.com\/blog\/vila-gale-planeja-dois-hoteis-em-minas-gerais-inhotim-e-ouro-preto\/"]}]},{"@type":"ImageObject","inLanguage":"pt-BR","@id":"https:\/\/macaritravel.com\/blog\/vila-gale-planeja-dois-hoteis-em-minas-gerais-inhotim-e-ouro-preto\/#primaryimage","url":"https:\/\/macaritravel.com\/blog\/wp-content\/uploads\/2023\/04\/ouropreto.jpg","contentUrl":"https:\/\/macaritravel.com\/blog\/wp-content\/uploads\/2023\/04\/ouropreto.jpg","width":1232,"height":818},{"@type":"BreadcrumbList","@id":"https:\/\/macaritravel.com\/blog\/vila-gale-planeja-dois-hoteis-em-minas-gerais-inhotim-e-ouro-preto\/#breadcrumb","itemListElement":[{"@type":"ListItem","position":1,"name":"In\u00edcio","item":"https:\/\/macaritravel.com\/blog\/"},{"@type":"ListItem","position":2,"name":"Vila Gal\u00e9 planeja dois hot\u00e9is em Minas Gerais: Inhotim e Ouro Preto"}]},{"@type":"WebSite","@id":"https:\/\/macaritravel.com\/blog\/#website","url":"https:\/\/macaritravel.com\/blog\/","name":"Blog da Macari Travel","description":"Blog Oficial da Macari Travel","publisher":{"@id":"https:\/\/macaritravel.com\/blog\/#organization"},"potentialAction":[{"@type":"SearchAction","target":{"@type":"EntryPoint","urlTemplate":"https:\/\/macaritravel.com\/blog\/?s={search_term_string}"},"query-input":{"@type":"PropertyValueSpecification","valueRequired":true,"valueName":"search_term_string"}}],"inLanguage":"pt-BR"},{"@type":"Organization","@id":"https:\/\/macaritravel.com\/blog\/#organization","name":"Macari Travel","url":"https:\/\/macaritravel.com\/blog\/","logo":{"@type":"ImageObject","inLanguage":"pt-BR","@id":"https:\/\/macaritravel.com\/blog\/#\/schema\/logo\/image\/","url":"https:\/\/macaritravel.com\/blog\/wp-content\/uploads\/2022\/10\/Logo-MT-Oficial.png","contentUrl":"https:\/\/macaritravel.com\/blog\/wp-content\/uploads\/2022\/10\/Logo-MT-Oficial.png","width":1350,"height":600,"caption":"Macari Travel"},"image":{"@id":"https:\/\/macaritravel.com\/blog\/#\/schema\/logo\/image\/"},"sameAs":["https:\/\/www.facebook.com\/MacariTravel","https:\/\/www.instagram.com\/macari_travel\/"]},{"@type":"Person","@id":"https:\/\/macaritravel.com\/blog\/#\/schema\/person\/e9960ec20c60bd30337fd00b82f2a928","name":"Macari Travel","image":{"@type":"ImageObject","inLanguage":"pt-BR","@id":"https:\/\/macaritravel.com\/blog\/wp-content\/uploads\/2024\/04\/Logo-redondo-com-fundo-branco-maior-150x150.png","url":"https:\/\/macaritravel.com\/blog\/wp-content\/uploads\/2024\/04\/Logo-redondo-com-fundo-branco-maior-150x150.png","contentUrl":"https:\/\/macaritravel.com\/blog\/wp-content\/uploads\/2024\/04\/Logo-redondo-com-fundo-branco-maior-150x150.png","caption":"Macari Travel"},"description":"Dispomos de consultores com uma m\u00e9dia de 20 anos de experi\u00eancia e paix\u00e3o por viagens, que ir\u00e3o trabalhar os detalhes e criar f\u00e9rias inesquec\u00edveis.","sameAs":["https:\/\/macaritravel.com\/blog","http:\/\/facebook.com\/macaritravel","http:\/\/instagram.com\/macari_travel"],"url":"https:\/\/macaritravel.com\/blog\/author\/macari\/"}]}},"jetpack_publicize_connections":[],"jetpack_featured_media_url":"https:\/\/macaritravel.com\/blog\/wp-content\/uploads\/2023\/04\/ouropreto.jpg","jetpack_sharing_enabled":true,"_links":{"self":[{"href":"https:\/\/macaritravel.com\/blog\/wp-json\/wp\/v2\/posts\/2313","targetHints":{"allow":["GET"]}}],"collection":[{"href":"https:\/\/macaritravel.com\/blog\/wp-json\/wp\/v2\/posts"}],"about":[{"href":"https:\/\/macaritravel.com\/blog\/wp-json\/wp\/v2\/types\/post"}],"author":[{"embeddable":true,"href":"https:\/\/macaritravel.com\/blog\/wp-json\/wp\/v2\/users\/1"}],"replies":[{"embeddable":true,"href":"https:\/\/macaritravel.com\/blog\/wp-json\/wp\/v2\/comments?post=2313"}],"version-history":[{"count":0,"href":"https:\/\/macaritravel.com\/blog\/wp-json\/wp\/v2\/posts\/2313\/revisions"}],"wp:featuredmedia":[{"embeddable":true,"href":"https:\/\/macaritravel.com\/blog\/wp-json\/wp\/v2\/media\/2314"}],"wp:attachment":[{"href":"https:\/\/macaritravel.com\/blog\/wp-json\/wp\/v2\/media?parent=2313"}],"wp:term":[{"taxonomy":"category","embeddable":true,"href":"https:\/\/macaritravel.com\/blog\/wp-json\/wp\/v2\/categories?post=2313"},{"taxonomy":"post_tag","embeddable":true,"href":"https:\/\/macaritravel.com\/blog\/wp-json\/wp\/v2\/tags?post=2313"}],"curies":[{"name":"wp","href":"https:\/\/api.w.org\/{rel}","templated":true}]}}