{"id":2643,"date":"2023-05-23T13:30:36","date_gmt":"2023-05-23T13:30:36","guid":{"rendered":"https:\/\/macaritravel.com\/blog\/?p=2643"},"modified":"2023-05-23T13:30:43","modified_gmt":"2023-05-23T13:30:43","slug":"roteiro-pelo-alentejo-em-portugal","status":"publish","type":"post","link":"https:\/\/macaritravel.com\/blog\/roteiro-pelo-alentejo-em-portugal\/","title":{"rendered":"Roteiro pelo Alentejo em Portugal"},"content":{"rendered":"\n<p>J\u00e1 conhece a regi\u00e3o do Alentejo de Portugal? Preparamos um roteiro especial mesmo at\u00e9 para os que j\u00e1 conhecem o Alentejo. Alugue seu carro e p\u00e9 na estrada!<\/p>\n\n\n\n<figure class=\"wp-block-image size-full\"><a href=\"https:\/\/www.agentcars.com\/subsite\/pt?agency=macari-travel\" target=\"_blank\" rel=\"noreferrer noopener\"><img decoding=\"async\" width=\"850\" height=\"125\" data-src=\"https:\/\/macaritravel.com\/blog\/wp-content\/uploads\/2022\/10\/imagemrental.jpeg\" alt=\"\" class=\"wp-image-556 lazyload\" data-srcset=\"https:\/\/macaritravel.com\/blog\/wp-content\/uploads\/2022\/10\/imagemrental.jpeg 850w, https:\/\/macaritravel.com\/blog\/wp-content\/uploads\/2022\/10\/imagemrental-300x44.jpeg 300w, https:\/\/macaritravel.com\/blog\/wp-content\/uploads\/2022\/10\/imagemrental-768x113.jpeg 768w\" data-sizes=\"(max-width: 850px) 100vw, 850px\" src=\"data:image\/svg+xml;base64,PHN2ZyB3aWR0aD0iMSIgaGVpZ2h0PSIxIiB4bWxucz0iaHR0cDovL3d3dy53My5vcmcvMjAwMC9zdmciPjwvc3ZnPg==\" style=\"--smush-placeholder-width: 850px; --smush-placeholder-aspect-ratio: 850\/125;\" \/><\/a><\/figure>\n\n\n\n<p>As paisagens s\u00e3o de perder de vista e os amarelos dos campos conjugados com o azul forte do c\u00e9u alentejano d\u00e3o uma cor \u00fanica a esta viagem.<\/p>\n\n\n\n<p>Imensid\u00e3o \u00e9 a palavra que se poderia escolher para resumir a pr\u00f3xima rota, que vai desde <strong>\u00c9vora at\u00e9 M\u00e9rtola<\/strong>. As paisagens s\u00e3o de perder de vista, os amarelos dos campos fundem-se com os tons do sol e nem o azul forte do c\u00e9u alentejano e de parte do seu casario consegue quebrar esta doce monotonia em que a express\u00e3o &#8220;parar no tempo&#8221; faz o seu curso a um ritmo voraz. Vastid\u00e3o seria outra palavra acertada.<\/p>\n\n\n\n<figure class=\"wp-block-image size-large\"><img decoding=\"async\" width=\"1024\" height=\"1024\" data-src=\"https:\/\/macaritravel.com\/blog\/wp-content\/uploads\/2023\/05\/2119B2D1-FDB0-45DD-8C48-5469E1FB0E82-1024x1024.jpg\" alt=\"\" class=\"wp-image-2646 lazyload\" data-srcset=\"https:\/\/macaritravel.com\/blog\/wp-content\/uploads\/2023\/05\/2119B2D1-FDB0-45DD-8C48-5469E1FB0E82-1024x1024.jpg 1024w, https:\/\/macaritravel.com\/blog\/wp-content\/uploads\/2023\/05\/2119B2D1-FDB0-45DD-8C48-5469E1FB0E82-300x300.jpg 300w, https:\/\/macaritravel.com\/blog\/wp-content\/uploads\/2023\/05\/2119B2D1-FDB0-45DD-8C48-5469E1FB0E82-150x150.jpg 150w, https:\/\/macaritravel.com\/blog\/wp-content\/uploads\/2023\/05\/2119B2D1-FDB0-45DD-8C48-5469E1FB0E82-768x768.jpg 768w, https:\/\/macaritravel.com\/blog\/wp-content\/uploads\/2023\/05\/2119B2D1-FDB0-45DD-8C48-5469E1FB0E82-1536x1536.jpg 1536w, https:\/\/macaritravel.com\/blog\/wp-content\/uploads\/2023\/05\/2119B2D1-FDB0-45DD-8C48-5469E1FB0E82-600x600.jpg 600w, https:\/\/macaritravel.com\/blog\/wp-content\/uploads\/2023\/05\/2119B2D1-FDB0-45DD-8C48-5469E1FB0E82.jpg 1708w\" data-sizes=\"(max-width: 1024px) 100vw, 1024px\" src=\"data:image\/svg+xml;base64,PHN2ZyB3aWR0aD0iMSIgaGVpZ2h0PSIxIiB4bWxucz0iaHR0cDovL3d3dy53My5vcmcvMjAwMC9zdmciPjwvc3ZnPg==\" style=\"--smush-placeholder-width: 1024px; --smush-placeholder-aspect-ratio: 1024\/1024;\" \/><figcaption class=\"wp-element-caption\">Templo de Diana &#8211; Direitos Autorais Ricardo Macari<\/figcaption><\/figure>\n\n\n\n<p>De <strong>\u00c9vora<\/strong> j\u00e1 tudo se disse, mas a cidade, patrim\u00f4nio mundial da Unesco desde 1986, \u00e9 t\u00e3o bonita que l\u00e1 dentro cabe sempre mais um qualificativo, adv\u00e9rbio ou adjetivo. A impon\u00eancia do <strong>Templo de Diana<\/strong>, a assertividade da S\u00e9 Catedral, o calafrio de uma capela decorada com ossos de cinco mil monges, tudo justifica uma visita relaxada.<\/p>\n\n\n\n<figure class=\"wp-block-image size-large\"><img decoding=\"async\" width=\"1024\" height=\"576\" data-src=\"https:\/\/macaritravel.com\/blog\/wp-content\/uploads\/2023\/05\/IMG_1520-1024x576.jpeg\" alt=\"\" class=\"wp-image-2647 lazyload\" data-srcset=\"https:\/\/macaritravel.com\/blog\/wp-content\/uploads\/2023\/05\/IMG_1520-1024x576.jpeg 1024w, https:\/\/macaritravel.com\/blog\/wp-content\/uploads\/2023\/05\/IMG_1520-300x169.jpeg 300w, https:\/\/macaritravel.com\/blog\/wp-content\/uploads\/2023\/05\/IMG_1520-768x432.jpeg 768w, https:\/\/macaritravel.com\/blog\/wp-content\/uploads\/2023\/05\/IMG_1520-1536x864.jpeg 1536w, https:\/\/macaritravel.com\/blog\/wp-content\/uploads\/2023\/05\/IMG_1520-2048x1152.jpeg 2048w\" data-sizes=\"(max-width: 1024px) 100vw, 1024px\" src=\"data:image\/svg+xml;base64,PHN2ZyB3aWR0aD0iMSIgaGVpZ2h0PSIxIiB4bWxucz0iaHR0cDovL3d3dy53My5vcmcvMjAwMC9zdmciPjwvc3ZnPg==\" style=\"--smush-placeholder-width: 1024px; --smush-placeholder-aspect-ratio: 1024\/576;\" \/><figcaption class=\"wp-element-caption\">Cromeleque dos Almendres &#8211; Direitos Autorais Ricardo Macari<\/figcaption><\/figure>\n\n\n\n<p>N\u00e3o perca o maior monumento megal\u00edtico da Pen\u00ednsula Ib\u00e9rica, o <strong>Cromeleque<\/strong> dos Almendres, com 100 mon\u00f3litos, dois mil anos mais antigos que Stonehenge. O ponto de paragem seguinte n\u00e3o baixa a guarda em termos de beleza.<\/p>\n\n\n\n<figure class=\"wp-block-image size-full\"><img decoding=\"async\" width=\"1024\" height=\"768\" data-src=\"https:\/\/macaritravel.com\/blog\/wp-content\/uploads\/2023\/05\/monsaraz-portugal.jpg\" alt=\"\" class=\"wp-image-2648 lazyload\" data-srcset=\"https:\/\/macaritravel.com\/blog\/wp-content\/uploads\/2023\/05\/monsaraz-portugal.jpg 1024w, https:\/\/macaritravel.com\/blog\/wp-content\/uploads\/2023\/05\/monsaraz-portugal-300x225.jpg 300w, https:\/\/macaritravel.com\/blog\/wp-content\/uploads\/2023\/05\/monsaraz-portugal-768x576.jpg 768w\" data-sizes=\"(max-width: 1024px) 100vw, 1024px\" src=\"data:image\/svg+xml;base64,PHN2ZyB3aWR0aD0iMSIgaGVpZ2h0PSIxIiB4bWxucz0iaHR0cDovL3d3dy53My5vcmcvMjAwMC9zdmciPjwvc3ZnPg==\" style=\"--smush-placeholder-width: 1024px; --smush-placeholder-aspect-ratio: 1024\/768;\" \/><figcaption class=\"wp-element-caption\"><strong>Monsaraz<\/strong><\/figcaption><\/figure>\n\n\n\n<p><strong>Monsaraz<\/strong> \u00e9 uma vila-museu que vive essencialmente do seu castelo, onde at\u00e9 uma pra\u00e7a de touros h\u00e1 muito tempo improvisada faz ali gala. Monsaraz \u00e9 uma ilha elevada no meio de uma vasta paisagem dominada pelo maior lago artifical da Europa, o Alqueva.<\/p>\n\n\n\n<p>Sendo este lago recente, pode-se dizer que Monsaraz viu-se obrigada a mudar o seu pano de fundo sem que com isso tenha sa\u00eddo beliscada nos seus argumentos tur\u00edsticos, antes pelo contr\u00e1rio. Para onde a c\u00e2mara fotogr\u00e1fica aponte, sai sempre um belo quadro.<\/p>\n\n\n\n<p><strong>Intramuros<\/strong>, n\u00e3o perca a antiga cisterna que, dizem, era uma antiga mesquita. Visite ainda a Capela de S\u00e3o Jo\u00e3o Batista, conhecida por Cuba devido \u00e0 sua curiosa forma c\u00fabica de influ\u00eancia mourisca. E descubra as Ermidas de S\u00e3o Bento, S\u00e3o L\u00e1zaro, Santa Catarina e S\u00e3o Sebasti\u00e3o, especiais e \u00fanicas.<\/p>\n\n\n\n<p>J\u00e1 o Alqueva n\u00e3o se fica como mero cen\u00e1rio de Monsaraz, j\u00e1 que s\u00e3o in\u00fameras as atividades ali dispon\u00edveis: ca\u00e7a e pesca, passeios pedestres, a cavalo, em bal\u00e3o de ar quente e at\u00e9 de barco. Claro que os desportos n\u00e1uticos n\u00e3o podiam faltar.<\/p>\n\n\n\n<p>Os barcos casa s\u00e3o uma grande atra\u00e7\u00e3o da regi\u00e3o. Se quiser dar uma volta larga pelo Alqueva, pode fazer o circuito das aldeias ribeirinhas: Capelins, Juromenha, Granja, Marmelar, Mina da Orada, Monte do Trigo, Pedr\u00f3g\u00e3o, P\u00f3voa de S. Miguel e Telheiro.<\/p>\n\n\n\n<figure class=\"wp-block-image size-full is-resized\"><img decoding=\"async\" data-src=\"https:\/\/macaritravel.com\/blog\/wp-content\/uploads\/2023\/05\/Serpa.jpg\" alt=\"\" class=\"wp-image-2649 lazyload\" width=\"840\" height=\"471\" data-srcset=\"https:\/\/macaritravel.com\/blog\/wp-content\/uploads\/2023\/05\/Serpa.jpg 660w, https:\/\/macaritravel.com\/blog\/wp-content\/uploads\/2023\/05\/Serpa-300x168.jpg 300w\" data-sizes=\"(max-width: 840px) 100vw, 840px\" src=\"data:image\/svg+xml;base64,PHN2ZyB3aWR0aD0iMSIgaGVpZ2h0PSIxIiB4bWxucz0iaHR0cDovL3d3dy53My5vcmcvMjAwMC9zdmciPjwvc3ZnPg==\" style=\"--smush-placeholder-width: 840px; --smush-placeholder-aspect-ratio: 840\/471;\" \/><figcaption class=\"wp-element-caption\"><strong>Serpa<\/strong><\/figcaption><\/figure>\n\n\n\n<p>Rumando a sul chegamos a <strong>Serpa<\/strong>, onde n\u00e3o deve perder o inusitado Museu do Rel\u00f3gio, onde al\u00e9m de poder ver o rel\u00f3gio usado por Neil Armstrong na 1\u00aa viagem \u00e0 Lua vai poder ver 1.900 rel\u00f3gios, de 1630 at\u00e9 aos dias de hoje.<\/p>\n\n\n\n<p>Mas se a ideia destas f\u00e9rias \u00e9 mesmo largar o rel\u00f3gio, ent\u00e3o deve demorar-se pelas muralhas, pelo aqueduto do s\u00e9culo XVII, pela igreja matriz e pelo Castelo de Serpa.<\/p>\n\n\n\n<figure class=\"wp-block-image size-full\"><img decoding=\"async\" width=\"1000\" height=\"800\" data-src=\"https:\/\/macaritravel.com\/blog\/wp-content\/uploads\/2023\/05\/Parque-Natural-do-Vale-do-Guadiana.jpg\" alt=\"\" class=\"wp-image-2650 lazyload\" data-srcset=\"https:\/\/macaritravel.com\/blog\/wp-content\/uploads\/2023\/05\/Parque-Natural-do-Vale-do-Guadiana.jpg 1000w, https:\/\/macaritravel.com\/blog\/wp-content\/uploads\/2023\/05\/Parque-Natural-do-Vale-do-Guadiana-300x240.jpg 300w, https:\/\/macaritravel.com\/blog\/wp-content\/uploads\/2023\/05\/Parque-Natural-do-Vale-do-Guadiana-768x614.jpg 768w\" data-sizes=\"(max-width: 1000px) 100vw, 1000px\" src=\"data:image\/svg+xml;base64,PHN2ZyB3aWR0aD0iMSIgaGVpZ2h0PSIxIiB4bWxucz0iaHR0cDovL3d3dy53My5vcmcvMjAwMC9zdmciPjwvc3ZnPg==\" style=\"--smush-placeholder-width: 1000px; --smush-placeholder-aspect-ratio: 1000\/800;\" \/><figcaption class=\"wp-element-caption\"><strong>Parque Natural do Vale do Guadiana<\/strong><\/figcaption><\/figure>\n\n\n\n<p>Neste momento do nosso roteiro entra em cena o <strong>Parque Natural do Vale do Guadiana<\/strong>, com os seus 70 mil hectares. Al\u00e9m da beleza natural, destaca-se o Pulo do Lobo, um acidente geogr\u00e1fico que remonta ao \u00faltimo glaciar e que deixa todos boquiabertos. \u00c9 a <strong>maior cascata do sul de Portugal<\/strong>, com 20 metros de altura, e com margens t\u00e3o apertadas que o povo dizia que se passava de um pulo para o outro lado.<\/p>\n\n\n\n<p>Para l\u00e1 chegar, recomenda-se que v\u00e1 pelo lado poente: fa\u00e7a um desvio na estrada que liga Beja a M\u00e9rtola e siga at\u00e9 \u00e0 aldeia da Amendoeira da Serra, seguindo as indica\u00e7\u00f5es at\u00e9 ao Pulo do Lobo. Chega ent\u00e3o \u00e0 Herdade de Pulo do Lobo. Abra a cancela e percorra cerca de 1 km em estrada de terra at\u00e9 ao destino.<\/p>\n\n\n\n<figure class=\"wp-block-image size-large\"><img decoding=\"async\" width=\"1024\" height=\"512\" data-src=\"https:\/\/macaritravel.com\/blog\/wp-content\/uploads\/2023\/05\/visitar-mertola-1024x512.webp\" alt=\"\" class=\"wp-image-2651 lazyload\" data-srcset=\"https:\/\/macaritravel.com\/blog\/wp-content\/uploads\/2023\/05\/visitar-mertola-1024x512.webp 1024w, https:\/\/macaritravel.com\/blog\/wp-content\/uploads\/2023\/05\/visitar-mertola-300x150.webp 300w, https:\/\/macaritravel.com\/blog\/wp-content\/uploads\/2023\/05\/visitar-mertola-768x384.webp 768w, https:\/\/macaritravel.com\/blog\/wp-content\/uploads\/2023\/05\/visitar-mertola.webp 1200w\" data-sizes=\"(max-width: 1024px) 100vw, 1024px\" src=\"data:image\/svg+xml;base64,PHN2ZyB3aWR0aD0iMSIgaGVpZ2h0PSIxIiB4bWxucz0iaHR0cDovL3d3dy53My5vcmcvMjAwMC9zdmciPjwvc3ZnPg==\" style=\"--smush-placeholder-width: 1024px; --smush-placeholder-aspect-ratio: 1024\/512;\" \/><figcaption class=\"wp-element-caption\">M\u00e9rtola &#8211; Vila Museu<\/figcaption><\/figure>\n\n\n\n<p>Terminada esta experi\u00eancia, chega a vez de <strong>M\u00e9rtola<\/strong>, o destino mais apropriado para os amantes de hist\u00f3ria, natureza e tranquilidade. Visite a Igreja de N. S. da Assun\u00e7\u00e3o, uma mesquita que foi convertida em templo crist\u00e3o no s\u00e9culo XIII. Recomenda-se ainda o castelo, a mina de S. Domingos, o antigo porto de Pomar\u00e3o, o Criptop\u00f3rtico e a casa romana.<\/p>\n\n\n\n<div class=\"ictab-main-container-wrap ictab-clearfix ictab-bgsection-custom\" id=\"ictab-random-340099778\" style=\"width:;height:;\">\r\n    <div class=\"ictab-available-template-wrap ictab-template3\">\r\n          <div class=\"ictab-inner-wrapper ictab-bgcolor-wrap ictab-parallax-enabled ictab-parallax-for-videos-fixes\"  style=\"background-color:#dd9933\">   \r\n                            <div class=\"ictab-common-overlay\"><\/div>\r\n                                    <div class=\"ictab-single-content-wrapper\">\r\n<div class=\"ictab-content-wrap-section\">\r\n <div class=\"ictab-header-text-wrap wow animated fadeInRight\">\r\n <h3>Macari Travel <\/h3>\r\n<\/div>\r\n\r\n <div class=\"ictab-description-content-wrap wow animated fadeInUp\">\r\n  Viagens incr\u00edveis? Somos especialistas!<\/div>\r\n <div class=\"ictab-ctabbutton-wrap\">\r\n <div class=\"ictab-btn-wrap ictab-button-wrap  wow animated fadeInLeft\" id=\"ictab-btn1-821204744\">\r\n   <div class=\"ictab-button-main-wrap \">\r\n    <a href=\"https:\/\/app.leadster.com.br\/capture\/nhN7xpHVG0c89b64\"   \r\n      class=\"ictab-btn-tag ictab_show_both ictab-external-btn-type \r\n      button-shine\" target='_blank' data-text=\"Entre em Contato\">\r\n        <span data-text='Entre em Contato'>Entre em Contato<\/span>    <\/a>\r\n   <\/div>\r\n<\/div>\r\n<style>\r\n<\/style>\r\n<\/div>   <\/div>\r\n<\/div>\r\n         <\/div>\r\n    <\/div>\r\n<style type='text\/css' media='all'>\r\n.ictab-main-container-wrap#ictab-random-340099778 .ictab-header-text-wrap h3 {  }\r\n\r\n\r\n    <\/style>\r\n<style type='text\/css' media='all'>\r\n#ictab-random-340099778 .ictab-template3 .ictab-content-wrap-section:before{\r\nbackground-color:#ddb033;\r\n}\r\n#ictab-random-340099778 .ictab-template4 .ictab-inner-wrapper .ictab-content-wrap-section{\r\nbackground:#ddb033;\r\n}\r\n\r\n#ictab-random-340099778 .ictab-template36 .ictab-double-content-wrapper .ictab-content-wrap-section .ictab-left-content-wrap{\r\n   background:#ddb033; \r\n}\r\n<\/style>\r\n<\/div>\n","protected":false},"excerpt":{"rendered":"<p>J\u00e1 conhece a regi\u00e3o do Alentejo de Portugal? Preparamos um roteiro especial mesmo at\u00e9 para os que j\u00e1 conhecem o Alentejo. Alugue seu carro e p\u00e9 na estrada!<\/p>\n","protected":false},"author":1,"featured_media":2645,"comment_status":"open","ping_status":"closed","sticky":false,"template":"","format":"standard","meta":{"sfsi_plus_gutenberg_text_before_share":"","sfsi_plus_gutenberg_show_text_before_share":"","sfsi_plus_gutenberg_icon_type":"","sfsi_plus_gutenberg_icon_alignemt":"","sfsi_plus_gutenburg_max_per_row":"","episode_type":"","audio_file":"","podmotor_file_id":"","podmotor_episode_id":"","cover_image":"","cover_image_id":"","duration":"","filesize":"","filesize_raw":"","date_recorded":"","explicit":"","block":"","itunes_episode_number":"","itunes_title":"","itunes_season_number":"","itunes_episode_type":"","jetpack_post_was_ever_published":false,"_jetpack_newsletter_access":"","_jetpack_dont_email_post_to_subs":false,"_jetpack_newsletter_tier_id":0,"_jetpack_memberships_contains_paywalled_content":false,"_jetpack_memberships_contains_paid_content":false,"footnotes":"","jetpack_publicize_message":"","jetpack_publicize_feature_enabled":true,"jetpack_social_post_already_shared":true,"jetpack_social_options":{"image_generator_settings":{"template":"highway","default_image_id":0,"font":"","enabled":false},"version":2}},"categories":[10,17,88,19],"tags":[278,15,89,14],"class_list":["post-2643","post","type-post","status-publish","format-standard","has-post-thumbnail","hentry","category-dirigindo","category-europa","category-portugal","category-roteiros","tag-alentejo","tag-europa","tag-portugal","tag-roteiro"],"yoast_head":"<!-- This site is optimized with the Yoast SEO plugin v27.5 - https:\/\/yoast.com\/product\/yoast-seo-wordpress\/ -->\n<title>Roteiro pelo Alentejo em Portugal - Macari Travel Blog<\/title>\n<meta name=\"description\" content=\"xJ\u00e1 conhece a regi\u00e3o do Alentejo de Portugal? Preparamos um roteiro especial mesmo at\u00e9 para os que j\u00e1 conhecem o Alentejo. Alugue seu carro e p\u00e9 na estrada!\" \/>\n<meta name=\"robots\" content=\"index, follow, max-snippet:-1, max-image-preview:large, max-video-preview:-1\" \/>\n<link rel=\"canonical\" href=\"https:\/\/macaritravel.com\/blog\/roteiro-pelo-alentejo-em-portugal\/\" \/>\n<meta property=\"og:locale\" content=\"pt_BR\" \/>\n<meta property=\"og:type\" content=\"article\" \/>\n<meta property=\"og:title\" content=\"Roteiro pelo Alentejo em Portugal - Macari Travel Blog\" \/>\n<meta property=\"og:description\" content=\"xJ\u00e1 conhece a regi\u00e3o do Alentejo de Portugal? Preparamos um roteiro especial mesmo at\u00e9 para os que j\u00e1 conhecem o Alentejo. Alugue seu carro e p\u00e9 na estrada!\" \/>\n<meta property=\"og:url\" content=\"https:\/\/macaritravel.com\/blog\/roteiro-pelo-alentejo-em-portugal\/\" \/>\n<meta property=\"og:site_name\" content=\"Macari Travel Blog\" \/>\n<meta property=\"article:publisher\" content=\"https:\/\/www.facebook.com\/MacariTravel\" \/>\n<meta property=\"article:author\" content=\"http:\/\/facebook.com\/macaritravel\" \/>\n<meta property=\"article:published_time\" content=\"2023-05-23T13:30:36+00:00\" \/>\n<meta property=\"article:modified_time\" content=\"2023-05-23T13:30:43+00:00\" \/>\n<meta property=\"og:image\" content=\"https:\/\/macaritravel.com\/blog\/wp-content\/uploads\/2023\/05\/Alentejo_3.jpg\" \/>\n\t<meta property=\"og:image:width\" content=\"1200\" \/>\n\t<meta property=\"og:image:height\" content=\"675\" \/>\n\t<meta property=\"og:image:type\" content=\"image\/jpeg\" \/>\n<meta name=\"author\" content=\"Macari Travel\" \/>\n<meta name=\"twitter:card\" content=\"summary_large_image\" \/>\n<meta name=\"twitter:label1\" content=\"Escrito por\" \/>\n\t<meta name=\"twitter:data1\" content=\"Macari Travel\" \/>\n\t<meta name=\"twitter:label2\" content=\"Est. tempo de leitura\" \/>\n\t<meta name=\"twitter:data2\" content=\"6 minutos\" \/>\n<script type=\"application\/ld+json\" class=\"yoast-schema-graph\">{\"@context\":\"https:\\\/\\\/schema.org\",\"@graph\":[{\"@type\":\"Article\",\"@id\":\"https:\\\/\\\/macaritravel.com\\\/blog\\\/roteiro-pelo-alentejo-em-portugal\\\/#article\",\"isPartOf\":{\"@id\":\"https:\\\/\\\/macaritravel.com\\\/blog\\\/roteiro-pelo-alentejo-em-portugal\\\/\"},\"author\":{\"name\":\"Macari Travel\",\"@id\":\"https:\\\/\\\/macaritravel.com\\\/blog\\\/#\\\/schema\\\/person\\\/e9960ec20c60bd30337fd00b82f2a928\"},\"headline\":\"Roteiro pelo Alentejo em Portugal\",\"datePublished\":\"2023-05-23T13:30:36+00:00\",\"dateModified\":\"2023-05-23T13:30:43+00:00\",\"mainEntityOfPage\":{\"@id\":\"https:\\\/\\\/macaritravel.com\\\/blog\\\/roteiro-pelo-alentejo-em-portugal\\\/\"},\"wordCount\":799,\"commentCount\":0,\"publisher\":{\"@id\":\"https:\\\/\\\/macaritravel.com\\\/blog\\\/#organization\"},\"image\":{\"@id\":\"https:\\\/\\\/macaritravel.com\\\/blog\\\/roteiro-pelo-alentejo-em-portugal\\\/#primaryimage\"},\"thumbnailUrl\":\"https:\\\/\\\/macaritravel.com\\\/blog\\\/wp-content\\\/uploads\\\/2023\\\/05\\\/Alentejo_3.jpg\",\"keywords\":[\"Alentejo\",\"Europa\",\"Portugal\",\"Roteiro\"],\"articleSection\":[\"Dirigindo\",\"Europa\",\"Portugal\",\"Roteiros\"],\"inLanguage\":\"pt-BR\",\"potentialAction\":[{\"@type\":\"CommentAction\",\"name\":\"Comment\",\"target\":[\"https:\\\/\\\/macaritravel.com\\\/blog\\\/roteiro-pelo-alentejo-em-portugal\\\/#respond\"]}]},{\"@type\":\"WebPage\",\"@id\":\"https:\\\/\\\/macaritravel.com\\\/blog\\\/roteiro-pelo-alentejo-em-portugal\\\/\",\"url\":\"https:\\\/\\\/macaritravel.com\\\/blog\\\/roteiro-pelo-alentejo-em-portugal\\\/\",\"name\":\"Roteiro pelo Alentejo em Portugal - Macari Travel Blog\",\"isPartOf\":{\"@id\":\"https:\\\/\\\/macaritravel.com\\\/blog\\\/#website\"},\"primaryImageOfPage\":{\"@id\":\"https:\\\/\\\/macaritravel.com\\\/blog\\\/roteiro-pelo-alentejo-em-portugal\\\/#primaryimage\"},\"image\":{\"@id\":\"https:\\\/\\\/macaritravel.com\\\/blog\\\/roteiro-pelo-alentejo-em-portugal\\\/#primaryimage\"},\"thumbnailUrl\":\"https:\\\/\\\/macaritravel.com\\\/blog\\\/wp-content\\\/uploads\\\/2023\\\/05\\\/Alentejo_3.jpg\",\"datePublished\":\"2023-05-23T13:30:36+00:00\",\"dateModified\":\"2023-05-23T13:30:43+00:00\",\"description\":\"xJ\u00e1 conhece a regi\u00e3o do Alentejo de Portugal? Preparamos um roteiro especial mesmo at\u00e9 para os que j\u00e1 conhecem o Alentejo. Alugue seu carro e p\u00e9 na estrada!\",\"breadcrumb\":{\"@id\":\"https:\\\/\\\/macaritravel.com\\\/blog\\\/roteiro-pelo-alentejo-em-portugal\\\/#breadcrumb\"},\"inLanguage\":\"pt-BR\",\"potentialAction\":[{\"@type\":\"ReadAction\",\"target\":[\"https:\\\/\\\/macaritravel.com\\\/blog\\\/roteiro-pelo-alentejo-em-portugal\\\/\"]}]},{\"@type\":\"ImageObject\",\"inLanguage\":\"pt-BR\",\"@id\":\"https:\\\/\\\/macaritravel.com\\\/blog\\\/roteiro-pelo-alentejo-em-portugal\\\/#primaryimage\",\"url\":\"https:\\\/\\\/macaritravel.com\\\/blog\\\/wp-content\\\/uploads\\\/2023\\\/05\\\/Alentejo_3.jpg\",\"contentUrl\":\"https:\\\/\\\/macaritravel.com\\\/blog\\\/wp-content\\\/uploads\\\/2023\\\/05\\\/Alentejo_3.jpg\",\"width\":1200,\"height\":675},{\"@type\":\"BreadcrumbList\",\"@id\":\"https:\\\/\\\/macaritravel.com\\\/blog\\\/roteiro-pelo-alentejo-em-portugal\\\/#breadcrumb\",\"itemListElement\":[{\"@type\":\"ListItem\",\"position\":1,\"name\":\"In\u00edcio\",\"item\":\"https:\\\/\\\/macaritravel.com\\\/blog\\\/\"},{\"@type\":\"ListItem\",\"position\":2,\"name\":\"Roteiro pelo Alentejo em Portugal\"}]},{\"@type\":\"WebSite\",\"@id\":\"https:\\\/\\\/macaritravel.com\\\/blog\\\/#website\",\"url\":\"https:\\\/\\\/macaritravel.com\\\/blog\\\/\",\"name\":\"Blog da Macari Travel\",\"description\":\"Blog Oficial da Macari Travel\",\"publisher\":{\"@id\":\"https:\\\/\\\/macaritravel.com\\\/blog\\\/#organization\"},\"potentialAction\":[{\"@type\":\"SearchAction\",\"target\":{\"@type\":\"EntryPoint\",\"urlTemplate\":\"https:\\\/\\\/macaritravel.com\\\/blog\\\/?s={search_term_string}\"},\"query-input\":{\"@type\":\"PropertyValueSpecification\",\"valueRequired\":true,\"valueName\":\"search_term_string\"}}],\"inLanguage\":\"pt-BR\"},{\"@type\":\"Organization\",\"@id\":\"https:\\\/\\\/macaritravel.com\\\/blog\\\/#organization\",\"name\":\"Macari Travel\",\"url\":\"https:\\\/\\\/macaritravel.com\\\/blog\\\/\",\"logo\":{\"@type\":\"ImageObject\",\"inLanguage\":\"pt-BR\",\"@id\":\"https:\\\/\\\/macaritravel.com\\\/blog\\\/#\\\/schema\\\/logo\\\/image\\\/\",\"url\":\"https:\\\/\\\/macaritravel.com\\\/blog\\\/wp-content\\\/uploads\\\/2022\\\/10\\\/Logo-MT-Oficial.png\",\"contentUrl\":\"https:\\\/\\\/macaritravel.com\\\/blog\\\/wp-content\\\/uploads\\\/2022\\\/10\\\/Logo-MT-Oficial.png\",\"width\":1350,\"height\":600,\"caption\":\"Macari Travel\"},\"image\":{\"@id\":\"https:\\\/\\\/macaritravel.com\\\/blog\\\/#\\\/schema\\\/logo\\\/image\\\/\"},\"sameAs\":[\"https:\\\/\\\/www.facebook.com\\\/MacariTravel\",\"https:\\\/\\\/www.instagram.com\\\/macari_travel\\\/\"]},{\"@type\":\"Person\",\"@id\":\"https:\\\/\\\/macaritravel.com\\\/blog\\\/#\\\/schema\\\/person\\\/e9960ec20c60bd30337fd00b82f2a928\",\"name\":\"Macari Travel\",\"image\":{\"@type\":\"ImageObject\",\"inLanguage\":\"pt-BR\",\"@id\":\"https:\\\/\\\/macaritravel.com\\\/blog\\\/wp-content\\\/uploads\\\/2024\\\/04\\\/Logo-redondo-com-fundo-branco-maior-150x150.png\",\"url\":\"https:\\\/\\\/macaritravel.com\\\/blog\\\/wp-content\\\/uploads\\\/2024\\\/04\\\/Logo-redondo-com-fundo-branco-maior-150x150.png\",\"contentUrl\":\"https:\\\/\\\/macaritravel.com\\\/blog\\\/wp-content\\\/uploads\\\/2024\\\/04\\\/Logo-redondo-com-fundo-branco-maior-150x150.png\",\"caption\":\"Macari Travel\"},\"description\":\"Dispomos de consultores com uma m\u00e9dia de 20 anos de experi\u00eancia e paix\u00e3o por viagens, que ir\u00e3o trabalhar os detalhes e criar f\u00e9rias inesquec\u00edveis.\",\"sameAs\":[\"https:\\\/\\\/macaritravel.com\\\/blog\",\"http:\\\/\\\/facebook.com\\\/macaritravel\",\"http:\\\/\\\/instagram.com\\\/macari_travel\"],\"url\":\"https:\\\/\\\/macaritravel.com\\\/blog\\\/author\\\/macari\\\/\"}]}<\/script>\n<!-- \/ Yoast SEO plugin. -->","yoast_head_json":{"title":"Roteiro pelo Alentejo em Portugal - Macari Travel Blog","description":"xJ\u00e1 conhece a regi\u00e3o do Alentejo de Portugal? Preparamos um roteiro especial mesmo at\u00e9 para os que j\u00e1 conhecem o Alentejo. Alugue seu carro e p\u00e9 na estrada!","robots":{"index":"index","follow":"follow","max-snippet":"max-snippet:-1","max-image-preview":"max-image-preview:large","max-video-preview":"max-video-preview:-1"},"canonical":"https:\/\/macaritravel.com\/blog\/roteiro-pelo-alentejo-em-portugal\/","og_locale":"pt_BR","og_type":"article","og_title":"Roteiro pelo Alentejo em Portugal - Macari Travel Blog","og_description":"xJ\u00e1 conhece a regi\u00e3o do Alentejo de Portugal? Preparamos um roteiro especial mesmo at\u00e9 para os que j\u00e1 conhecem o Alentejo. Alugue seu carro e p\u00e9 na estrada!","og_url":"https:\/\/macaritravel.com\/blog\/roteiro-pelo-alentejo-em-portugal\/","og_site_name":"Macari Travel Blog","article_publisher":"https:\/\/www.facebook.com\/MacariTravel","article_author":"http:\/\/facebook.com\/macaritravel","article_published_time":"2023-05-23T13:30:36+00:00","article_modified_time":"2023-05-23T13:30:43+00:00","og_image":[{"width":1200,"height":675,"url":"https:\/\/macaritravel.com\/blog\/wp-content\/uploads\/2023\/05\/Alentejo_3.jpg","type":"image\/jpeg"}],"author":"Macari Travel","twitter_card":"summary_large_image","twitter_misc":{"Escrito por":"Macari Travel","Est. tempo de leitura":"6 minutos"},"schema":{"@context":"https:\/\/schema.org","@graph":[{"@type":"Article","@id":"https:\/\/macaritravel.com\/blog\/roteiro-pelo-alentejo-em-portugal\/#article","isPartOf":{"@id":"https:\/\/macaritravel.com\/blog\/roteiro-pelo-alentejo-em-portugal\/"},"author":{"name":"Macari Travel","@id":"https:\/\/macaritravel.com\/blog\/#\/schema\/person\/e9960ec20c60bd30337fd00b82f2a928"},"headline":"Roteiro pelo Alentejo em Portugal","datePublished":"2023-05-23T13:30:36+00:00","dateModified":"2023-05-23T13:30:43+00:00","mainEntityOfPage":{"@id":"https:\/\/macaritravel.com\/blog\/roteiro-pelo-alentejo-em-portugal\/"},"wordCount":799,"commentCount":0,"publisher":{"@id":"https:\/\/macaritravel.com\/blog\/#organization"},"image":{"@id":"https:\/\/macaritravel.com\/blog\/roteiro-pelo-alentejo-em-portugal\/#primaryimage"},"thumbnailUrl":"https:\/\/macaritravel.com\/blog\/wp-content\/uploads\/2023\/05\/Alentejo_3.jpg","keywords":["Alentejo","Europa","Portugal","Roteiro"],"articleSection":["Dirigindo","Europa","Portugal","Roteiros"],"inLanguage":"pt-BR","potentialAction":[{"@type":"CommentAction","name":"Comment","target":["https:\/\/macaritravel.com\/blog\/roteiro-pelo-alentejo-em-portugal\/#respond"]}]},{"@type":"WebPage","@id":"https:\/\/macaritravel.com\/blog\/roteiro-pelo-alentejo-em-portugal\/","url":"https:\/\/macaritravel.com\/blog\/roteiro-pelo-alentejo-em-portugal\/","name":"Roteiro pelo Alentejo em Portugal - Macari Travel Blog","isPartOf":{"@id":"https:\/\/macaritravel.com\/blog\/#website"},"primaryImageOfPage":{"@id":"https:\/\/macaritravel.com\/blog\/roteiro-pelo-alentejo-em-portugal\/#primaryimage"},"image":{"@id":"https:\/\/macaritravel.com\/blog\/roteiro-pelo-alentejo-em-portugal\/#primaryimage"},"thumbnailUrl":"https:\/\/macaritravel.com\/blog\/wp-content\/uploads\/2023\/05\/Alentejo_3.jpg","datePublished":"2023-05-23T13:30:36+00:00","dateModified":"2023-05-23T13:30:43+00:00","description":"xJ\u00e1 conhece a regi\u00e3o do Alentejo de Portugal? Preparamos um roteiro especial mesmo at\u00e9 para os que j\u00e1 conhecem o Alentejo. Alugue seu carro e p\u00e9 na estrada!","breadcrumb":{"@id":"https:\/\/macaritravel.com\/blog\/roteiro-pelo-alentejo-em-portugal\/#breadcrumb"},"inLanguage":"pt-BR","potentialAction":[{"@type":"ReadAction","target":["https:\/\/macaritravel.com\/blog\/roteiro-pelo-alentejo-em-portugal\/"]}]},{"@type":"ImageObject","inLanguage":"pt-BR","@id":"https:\/\/macaritravel.com\/blog\/roteiro-pelo-alentejo-em-portugal\/#primaryimage","url":"https:\/\/macaritravel.com\/blog\/wp-content\/uploads\/2023\/05\/Alentejo_3.jpg","contentUrl":"https:\/\/macaritravel.com\/blog\/wp-content\/uploads\/2023\/05\/Alentejo_3.jpg","width":1200,"height":675},{"@type":"BreadcrumbList","@id":"https:\/\/macaritravel.com\/blog\/roteiro-pelo-alentejo-em-portugal\/#breadcrumb","itemListElement":[{"@type":"ListItem","position":1,"name":"In\u00edcio","item":"https:\/\/macaritravel.com\/blog\/"},{"@type":"ListItem","position":2,"name":"Roteiro pelo Alentejo em Portugal"}]},{"@type":"WebSite","@id":"https:\/\/macaritravel.com\/blog\/#website","url":"https:\/\/macaritravel.com\/blog\/","name":"Blog da Macari Travel","description":"Blog Oficial da Macari Travel","publisher":{"@id":"https:\/\/macaritravel.com\/blog\/#organization"},"potentialAction":[{"@type":"SearchAction","target":{"@type":"EntryPoint","urlTemplate":"https:\/\/macaritravel.com\/blog\/?s={search_term_string}"},"query-input":{"@type":"PropertyValueSpecification","valueRequired":true,"valueName":"search_term_string"}}],"inLanguage":"pt-BR"},{"@type":"Organization","@id":"https:\/\/macaritravel.com\/blog\/#organization","name":"Macari Travel","url":"https:\/\/macaritravel.com\/blog\/","logo":{"@type":"ImageObject","inLanguage":"pt-BR","@id":"https:\/\/macaritravel.com\/blog\/#\/schema\/logo\/image\/","url":"https:\/\/macaritravel.com\/blog\/wp-content\/uploads\/2022\/10\/Logo-MT-Oficial.png","contentUrl":"https:\/\/macaritravel.com\/blog\/wp-content\/uploads\/2022\/10\/Logo-MT-Oficial.png","width":1350,"height":600,"caption":"Macari Travel"},"image":{"@id":"https:\/\/macaritravel.com\/blog\/#\/schema\/logo\/image\/"},"sameAs":["https:\/\/www.facebook.com\/MacariTravel","https:\/\/www.instagram.com\/macari_travel\/"]},{"@type":"Person","@id":"https:\/\/macaritravel.com\/blog\/#\/schema\/person\/e9960ec20c60bd30337fd00b82f2a928","name":"Macari Travel","image":{"@type":"ImageObject","inLanguage":"pt-BR","@id":"https:\/\/macaritravel.com\/blog\/wp-content\/uploads\/2024\/04\/Logo-redondo-com-fundo-branco-maior-150x150.png","url":"https:\/\/macaritravel.com\/blog\/wp-content\/uploads\/2024\/04\/Logo-redondo-com-fundo-branco-maior-150x150.png","contentUrl":"https:\/\/macaritravel.com\/blog\/wp-content\/uploads\/2024\/04\/Logo-redondo-com-fundo-branco-maior-150x150.png","caption":"Macari Travel"},"description":"Dispomos de consultores com uma m\u00e9dia de 20 anos de experi\u00eancia e paix\u00e3o por viagens, que ir\u00e3o trabalhar os detalhes e criar f\u00e9rias inesquec\u00edveis.","sameAs":["https:\/\/macaritravel.com\/blog","http:\/\/facebook.com\/macaritravel","http:\/\/instagram.com\/macari_travel"],"url":"https:\/\/macaritravel.com\/blog\/author\/macari\/"}]}},"jetpack_publicize_connections":[],"jetpack_featured_media_url":"https:\/\/macaritravel.com\/blog\/wp-content\/uploads\/2023\/05\/Alentejo_3.jpg","jetpack_sharing_enabled":true,"_links":{"self":[{"href":"https:\/\/macaritravel.com\/blog\/wp-json\/wp\/v2\/posts\/2643","targetHints":{"allow":["GET"]}}],"collection":[{"href":"https:\/\/macaritravel.com\/blog\/wp-json\/wp\/v2\/posts"}],"about":[{"href":"https:\/\/macaritravel.com\/blog\/wp-json\/wp\/v2\/types\/post"}],"author":[{"embeddable":true,"href":"https:\/\/macaritravel.com\/blog\/wp-json\/wp\/v2\/users\/1"}],"replies":[{"embeddable":true,"href":"https:\/\/macaritravel.com\/blog\/wp-json\/wp\/v2\/comments?post=2643"}],"version-history":[{"count":0,"href":"https:\/\/macaritravel.com\/blog\/wp-json\/wp\/v2\/posts\/2643\/revisions"}],"wp:featuredmedia":[{"embeddable":true,"href":"https:\/\/macaritravel.com\/blog\/wp-json\/wp\/v2\/media\/2645"}],"wp:attachment":[{"href":"https:\/\/macaritravel.com\/blog\/wp-json\/wp\/v2\/media?parent=2643"}],"wp:term":[{"taxonomy":"category","embeddable":true,"href":"https:\/\/macaritravel.com\/blog\/wp-json\/wp\/v2\/categories?post=2643"},{"taxonomy":"post_tag","embeddable":true,"href":"https:\/\/macaritravel.com\/blog\/wp-json\/wp\/v2\/tags?post=2643"}],"curies":[{"name":"wp","href":"https:\/\/api.w.org\/{rel}","templated":true}]}}