{"id":5102,"date":"2025-02-02T12:52:13","date_gmt":"2025-02-02T12:52:13","guid":{"rendered":"https:\/\/macaritravel.com\/blog\/?p=5102"},"modified":"2025-02-02T12:52:17","modified_gmt":"2025-02-02T12:52:17","slug":"holanda-belgica-e-franca-uma-viagem-pelos-encantos-da-europa","status":"publish","type":"post","link":"https:\/\/macaritravel.com\/blog\/holanda-belgica-e-franca-uma-viagem-pelos-encantos-da-europa\/","title":{"rendered":"Holanda, B\u00e9lgica e Fran\u00e7a: Uma Viagem Pelos Encantos da Europa"},"content":{"rendered":"\n<p>Viajar pela Europa Ocidental \u00e9 uma experi\u00eancia que combina hist\u00f3ria, cultura, paisagens deslumbrantes e uma gastronomia inesquec\u00edvel. Entre os destinos mais cativantes do continente, Holanda, B\u00e9lgica e Fran\u00e7a se destacam por sua riqueza cultural e beleza singular. Em uma jornada por esses tr\u00eas pa\u00edses, o viajante tem a oportunidade de explorar cidades vibrantes, descobrir patrim\u00f4nios hist\u00f3ricos e se encantar com cen\u00e1rios que parecem sa\u00eddos de um quadro.<\/p>\n\n\n\n<h2 class=\"wp-block-heading\"><strong>Por que visitar Holanda, B\u00e9lgica e Fran\u00e7a?<\/strong><\/h2>\n\n\n\n<p>A Europa Ocidental reserva experi\u00eancias inesquec\u00edveis, e cada um desses pa\u00edses oferece um conjunto \u00fanico de atra\u00e7\u00f5es que encantam visitantes do mundo todo. Aqui est\u00e3o algumas raz\u00f5es para explorar essa regi\u00e3o:<\/p>\n\n\n\n<ul class=\"wp-block-list\">\n<li><strong>Belezas Naturais e Arquitetura Impressionante<\/strong> \u2013 De canais rom\u00e2nticos a campos floridos, a Europa Ocidental \u00e9 repleta de paisagens memor\u00e1veis.<\/li>\n\n\n\n<li><strong>Riqueza Hist\u00f3rica e Cultural<\/strong> \u2013 Cidades como Paris, Amsterd\u00e3 e Bruxelas preservam marcos que contam s\u00e9culos de hist\u00f3ria.<\/li>\n\n\n\n<li><strong>Gastronomia Excepcional<\/strong> \u2013 Prove chocolates belgas, queijos holandeses e a alta gastronomia francesa.<\/li>\n\n\n\n<li><strong>Museus e Arte<\/strong> \u2013 Desde o Museu Van Gogh at\u00e9 o Louvre, essa viagem \u00e9 um mergulho na arte europeia.<\/li>\n<\/ul>\n\n\n\n<p>Agora, vamos conhecer um pouco mais sobre os destaques de cada destino.<\/p>\n\n\n\n<h2 class=\"wp-block-heading\"><strong>Amsterd\u00e3: A Cidade dos Canais e das Tulipas<\/strong><\/h2>\n\n\n\n<figure class=\"wp-block-image size-large\"><img decoding=\"async\" width=\"1024\" height=\"683\" data-src=\"https:\/\/macaritravel.com\/blog\/wp-content\/uploads\/2025\/02\/Life_Amsterda-taxa-de-turismo-Europa-1024x683.jpg\" alt=\"\" class=\"wp-image-5104 lazyload\" data-srcset=\"https:\/\/macaritravel.com\/blog\/wp-content\/uploads\/2025\/02\/Life_Amsterda-taxa-de-turismo-Europa-1024x683.jpg 1024w, https:\/\/macaritravel.com\/blog\/wp-content\/uploads\/2025\/02\/Life_Amsterda-taxa-de-turismo-Europa-300x200.jpg 300w, https:\/\/macaritravel.com\/blog\/wp-content\/uploads\/2025\/02\/Life_Amsterda-taxa-de-turismo-Europa-768x512.jpg 768w, https:\/\/macaritravel.com\/blog\/wp-content\/uploads\/2025\/02\/Life_Amsterda-taxa-de-turismo-Europa-1200x800.jpg 1200w, https:\/\/macaritravel.com\/blog\/wp-content\/uploads\/2025\/02\/Life_Amsterda-taxa-de-turismo-Europa.jpg 1500w\" data-sizes=\"(max-width: 1024px) 100vw, 1024px\" src=\"data:image\/svg+xml;base64,PHN2ZyB3aWR0aD0iMSIgaGVpZ2h0PSIxIiB4bWxucz0iaHR0cDovL3d3dy53My5vcmcvMjAwMC9zdmciPjwvc3ZnPg==\" style=\"--smush-placeholder-width: 1024px; --smush-placeholder-aspect-ratio: 1024\/683;\" \/><\/figure>\n\n\n\n<p>A capital da Holanda \u00e9 uma cidade vibrante, conhecida por seus canais encantadores, museus renomados e uma atmosfera descontra\u00edda. Em abril, os campos de tulipas pr\u00f3ximos a Amsterd\u00e3 florescem, criando paisagens de cores vibrantes. O <strong>Parque Keukenhof<\/strong>, conhecido como o &#8220;jardim da Europa&#8221;, \u00e9 uma visita obrigat\u00f3ria para quem quer contemplar essa beleza natural.<\/p>\n\n\n\n<p>Al\u00e9m das flores, Amsterd\u00e3 oferece uma rica cena cultural. O <strong>Museu Van Gogh<\/strong> abriga algumas das mais importantes obras do pintor holand\u00eas, enquanto a <strong>Casa de Anne Frank<\/strong> proporciona uma imers\u00e3o emocionante na hist\u00f3ria da Segunda Guerra Mundial. Caminhar pelas ruas da cidade \u00e9 uma experi\u00eancia por si s\u00f3, com seus edif\u00edcios inclinados e ciclistas que fazem parte do cotidiano local.<\/p>\n\n\n\n<h2 class=\"wp-block-heading\"><strong>Antu\u00e9rpia e Bruxelas: O Melhor da B\u00e9lgica<\/strong><\/h2>\n\n\n\n<figure class=\"wp-block-image size-large\"><img decoding=\"async\" width=\"1024\" height=\"584\" data-src=\"https:\/\/macaritravel.com\/blog\/wp-content\/uploads\/2025\/02\/bruxelas-4-1024x584.jpg\" alt=\"\" class=\"wp-image-5105 lazyload\" data-srcset=\"https:\/\/macaritravel.com\/blog\/wp-content\/uploads\/2025\/02\/bruxelas-4-1024x584.jpg 1024w, https:\/\/macaritravel.com\/blog\/wp-content\/uploads\/2025\/02\/bruxelas-4-300x171.jpg 300w, https:\/\/macaritravel.com\/blog\/wp-content\/uploads\/2025\/02\/bruxelas-4-768x438.jpg 768w, https:\/\/macaritravel.com\/blog\/wp-content\/uploads\/2025\/02\/bruxelas-4-630x359.jpg 630w, https:\/\/macaritravel.com\/blog\/wp-content\/uploads\/2025\/02\/bruxelas-4.jpg 1050w\" data-sizes=\"(max-width: 1024px) 100vw, 1024px\" src=\"data:image\/svg+xml;base64,PHN2ZyB3aWR0aD0iMSIgaGVpZ2h0PSIxIiB4bWxucz0iaHR0cDovL3d3dy53My5vcmcvMjAwMC9zdmciPjwvc3ZnPg==\" style=\"--smush-placeholder-width: 1024px; --smush-placeholder-aspect-ratio: 1024\/584;\" \/><\/figure>\n\n\n\n<p>A B\u00e9lgica \u00e9 um pequeno pa\u00eds com um legado hist\u00f3rico e cultural impressionante. <strong>Antu\u00e9rpia<\/strong>, um dos principais centros comerciais da Europa, \u00e9 conhecida como a cidade dos diamantes e abriga a majestosa <strong>Catedral de Nossa Senhora<\/strong>, que guarda obras do pintor flamengo Peter Paul Rubens.<\/p>\n\n\n\n<p>J\u00e1 <strong>Bruxelas<\/strong>, capital do pa\u00eds e sede da Uni\u00e3o Europeia, \u00e9 um verdadeiro mosaico de estilos arquitet\u00f4nicos. A <strong>Grand Place<\/strong>, com seus edif\u00edcios ornamentados, \u00e9 um dos lugares mais bonitos da Europa. Al\u00e9m disso, a cidade \u00e9 famosa por seus chocolates e waffles, tornando-se um para\u00edso gastron\u00f4mico para os visitantes.<\/p>\n\n\n\n<h2 class=\"wp-block-heading\"><strong>Paris: A Cidade Luz e Seu Encanto Inconfund\u00edvel<\/strong><\/h2>\n\n\n\n<figure class=\"wp-block-image size-large\"><img decoding=\"async\" width=\"1024\" height=\"767\" data-src=\"https:\/\/macaritravel.com\/blog\/wp-content\/uploads\/2025\/02\/image-1024x767.jpg\" alt=\"\" class=\"wp-image-5106 lazyload\" data-srcset=\"https:\/\/macaritravel.com\/blog\/wp-content\/uploads\/2025\/02\/image-1024x767.jpg 1024w, https:\/\/macaritravel.com\/blog\/wp-content\/uploads\/2025\/02\/image-300x225.jpg 300w, https:\/\/macaritravel.com\/blog\/wp-content\/uploads\/2025\/02\/image-768x575.jpg 768w, https:\/\/macaritravel.com\/blog\/wp-content\/uploads\/2025\/02\/image-1536x1151.jpg 1536w, https:\/\/macaritravel.com\/blog\/wp-content\/uploads\/2025\/02\/image.jpg 2048w\" data-sizes=\"(max-width: 1024px) 100vw, 1024px\" src=\"data:image\/svg+xml;base64,PHN2ZyB3aWR0aD0iMSIgaGVpZ2h0PSIxIiB4bWxucz0iaHR0cDovL3d3dy53My5vcmcvMjAwMC9zdmciPjwvc3ZnPg==\" style=\"--smush-placeholder-width: 1024px; --smush-placeholder-aspect-ratio: 1024\/767;\" \/><\/figure>\n\n\n\n<p>Nenhuma viagem \u00e0 Europa Ocidental estaria completa sem uma visita a <strong>Paris<\/strong>. A capital francesa \u00e9 um s\u00edmbolo de sofistica\u00e7\u00e3o, cultura e romance. A <strong>Torre Eiffel<\/strong>, um dos monumentos mais ic\u00f4nicos do mundo, \u00e9 parada obrigat\u00f3ria para qualquer visitante. O <strong>Museu do Louvre<\/strong>, lar da Mona Lisa e de in\u00fameras outras obras-primas, \u00e9 um convite ao universo da arte e da hist\u00f3ria.<\/p>\n\n\n\n<p>O bairro de <strong>Montmartre<\/strong>, com suas ruas charmosas e artistas de rua, oferece uma vis\u00e3o da Paris bo\u00eamia e aut\u00eautica. J\u00e1 a <strong>Avenida Champs-\u00c9lys\u00e9es<\/strong>, com suas lojas de luxo e restaurantes sofisticados, \u00e9 o lugar ideal para um passeio inesquec\u00edvel.<\/p>\n\n\n\n<h2 class=\"wp-block-heading\"><strong>Viaje com a Macari Travel<\/strong><\/h2>\n\n\n\n<p>Explorar Holanda, B\u00e9lgica e Fran\u00e7a em uma \u00fanica viagem \u00e9 a oportunidade perfeita para vivenciar o melhor da Europa. Com a <strong>Macari Travel<\/strong>, voc\u00ea garante:<\/p>\n\n\n\n<ul class=\"wp-block-list\">\n<li>Roteiros planejados para aproveitar ao m\u00e1ximo cada destino<\/li>\n\n\n\n<li>Acompanhamento por guias locais especializados<\/li>\n\n\n\n<li>Hospedagens confort\u00e1veis e seguras<\/li>\n\n\n\n<li>Suporte antes e durante toda a viagem<\/li>\n<\/ul>\n\n\n\n<div class=\"ictab-main-container-wrap ictab-clearfix ictab-bgsection-custom\" id=\"ictab-random-877024211\" style=\"width:;height:;\">\r\n    <div class=\"ictab-available-template-wrap ictab-template3\">\r\n          <div class=\"ictab-inner-wrapper ictab-bgcolor-wrap ictab-parallax-enabled ictab-parallax-for-videos-fixes\"  style=\"background-color:#dd9933\">   \r\n                            <div class=\"ictab-common-overlay\"><\/div>\r\n                                    <div class=\"ictab-single-content-wrapper\">\r\n<div class=\"ictab-content-wrap-section\">\r\n <div class=\"ictab-header-text-wrap wow animated fadeInRight\">\r\n <h3>Macari Travel <\/h3>\r\n<\/div>\r\n\r\n <div class=\"ictab-description-content-wrap wow animated fadeInUp\">\r\n  Viagens incr\u00edveis? Somos especialistas!<\/div>\r\n <div class=\"ictab-ctabbutton-wrap\">\r\n <div class=\"ictab-btn-wrap ictab-button-wrap  wow animated fadeInLeft\" id=\"ictab-btn1-821204744\">\r\n   <div class=\"ictab-button-main-wrap \">\r\n    <a href=\"https:\/\/app.leadster.com.br\/capture\/nhN7xpHVG0c89b64\"   \r\n      class=\"ictab-btn-tag ictab_show_both ictab-external-btn-type \r\n      button-shine\" target='_blank' data-text=\"Entre em Contato\">\r\n        <span data-text='Entre em Contato'>Entre em Contato<\/span>    <\/a>\r\n   <\/div>\r\n<\/div>\r\n<style>\r\n<\/style>\r\n<\/div>   <\/div>\r\n<\/div>\r\n         <\/div>\r\n    <\/div>\r\n<style type='text\/css' media='all'>\r\n.ictab-main-container-wrap#ictab-random-877024211 .ictab-header-text-wrap h3 {  }\r\n\r\n\r\n    <\/style>\r\n<style type='text\/css' media='all'>\r\n#ictab-random-877024211 .ictab-template3 .ictab-content-wrap-section:before{\r\nbackground-color:#ddb033;\r\n}\r\n#ictab-random-877024211 .ictab-template4 .ictab-inner-wrapper .ictab-content-wrap-section{\r\nbackground:#ddb033;\r\n}\r\n\r\n#ictab-random-877024211 .ictab-template36 .ictab-double-content-wrapper .ictab-content-wrap-section .ictab-left-content-wrap{\r\n   background:#ddb033; \r\n}\r\n<\/style>\r\n<\/div>\n","protected":false},"excerpt":{"rendered":"<p>Viajar pela Europa Ocidental \u00e9 uma experi\u00eancia que combina hist\u00f3ria, cultura, paisagens deslumbrantes e uma gastronomia inesquec\u00edvel. Entre os destinos mais cativantes do continente, Holanda, B\u00e9lgica e Fran\u00e7a&#8230; <\/p>\n","protected":false},"author":1,"featured_media":5103,"comment_status":"open","ping_status":"closed","sticky":false,"template":"","format":"standard","meta":{"sfsi_plus_gutenberg_text_before_share":"","sfsi_plus_gutenberg_show_text_before_share":"","sfsi_plus_gutenberg_icon_type":"","sfsi_plus_gutenberg_icon_alignemt":"","sfsi_plus_gutenburg_max_per_row":"","episode_type":"","audio_file":"","podmotor_file_id":"","podmotor_episode_id":"","cover_image":"","cover_image_id":"","duration":"","filesize":"","filesize_raw":"","date_recorded":"","explicit":"","block":"","itunes_episode_number":"","itunes_title":"","itunes_season_number":"","itunes_episode_type":"","jetpack_post_was_ever_published":false,"_jetpack_newsletter_access":"","_jetpack_dont_email_post_to_subs":false,"_jetpack_newsletter_tier_id":0,"_jetpack_memberships_contains_paywalled_content":false,"_jetpack_memberships_contains_paid_content":false,"footnotes":"","jetpack_publicize_message":"","jetpack_publicize_feature_enabled":true,"jetpack_social_post_already_shared":true,"jetpack_social_options":{"image_generator_settings":{"template":"highway","default_image_id":0,"font":"","enabled":false},"version":2}},"categories":[411,17,90,111],"tags":[413,415,412,414,21,15,91,112,117,14,416,20],"class_list":["post-5102","post","type-post","status-publish","format-standard","has-post-thumbnail","hentry","category-belgica","category-europa","category-franca","category-holanda","tag-amsterda","tag-antuerpia","tag-belgica","tag-bruxelas","tag-dicas","tag-europa","tag-franca","tag-holanda","tag-paris","tag-roteiro","tag-tulipas","tag-viagem"],"yoast_head":"<!-- This site is optimized with the Yoast SEO plugin v27.5 - https:\/\/yoast.com\/product\/yoast-seo-wordpress\/ -->\n<title>Holanda, B\u00e9lgica e Fran\u00e7a: Uma Viagem Pelos Encantos da Europa - Macari Travel Blog<\/title>\n<meta name=\"description\" content=\"Descubra as paisagens encantadoras da Holanda, B\u00e9lgica e Fran\u00e7a em uma viagem pela Europa Ocidental. De Amsterd\u00e3 a Paris, passando por Bruxelas e Antu\u00e9rpia, explore cidades vibrantes, museus ic\u00f4nicos e uma rica heran\u00e7a cultural.\" \/>\n<meta name=\"robots\" content=\"index, follow, max-snippet:-1, max-image-preview:large, max-video-preview:-1\" \/>\n<link rel=\"canonical\" href=\"https:\/\/macaritravel.com\/blog\/holanda-belgica-e-franca-uma-viagem-pelos-encantos-da-europa\/\" \/>\n<meta property=\"og:locale\" content=\"pt_BR\" \/>\n<meta property=\"og:type\" content=\"article\" \/>\n<meta property=\"og:title\" content=\"Holanda, B\u00e9lgica e Fran\u00e7a: Uma Viagem Pelos Encantos da Europa - Macari Travel Blog\" \/>\n<meta property=\"og:description\" content=\"Descubra as paisagens encantadoras da Holanda, B\u00e9lgica e Fran\u00e7a em uma viagem pela Europa Ocidental. De Amsterd\u00e3 a Paris, passando por Bruxelas e Antu\u00e9rpia, explore cidades vibrantes, museus ic\u00f4nicos e uma rica heran\u00e7a cultural.\" \/>\n<meta property=\"og:url\" content=\"https:\/\/macaritravel.com\/blog\/holanda-belgica-e-franca-uma-viagem-pelos-encantos-da-europa\/\" \/>\n<meta property=\"og:site_name\" content=\"Macari Travel Blog\" \/>\n<meta property=\"article:publisher\" content=\"https:\/\/www.facebook.com\/MacariTravel\" \/>\n<meta property=\"article:author\" content=\"http:\/\/facebook.com\/macaritravel\" \/>\n<meta property=\"article:published_time\" content=\"2025-02-02T12:52:13+00:00\" \/>\n<meta property=\"article:modified_time\" content=\"2025-02-02T12:52:17+00:00\" \/>\n<meta property=\"og:image\" content=\"https:\/\/macaritravel.com\/blog\/wp-content\/uploads\/2025\/02\/DALL\u00b7E-2025-02-02-12.45.53-A-scenic-travel-collage-featuring-iconic-landmarks-of-the-Netherlands-Belgium-and-France.-The-image-includes-Amsterdams-picturesque-canals-with-tra.webp\" \/>\n\t<meta property=\"og:image:width\" content=\"1792\" \/>\n\t<meta property=\"og:image:height\" content=\"1024\" \/>\n\t<meta property=\"og:image:type\" content=\"image\/webp\" \/>\n<meta name=\"author\" content=\"Macari Travel\" \/>\n<meta name=\"twitter:card\" content=\"summary_large_image\" \/>\n<meta name=\"twitter:label1\" content=\"Escrito por\" \/>\n\t<meta name=\"twitter:data1\" content=\"Macari Travel\" \/>\n\t<meta name=\"twitter:label2\" content=\"Est. tempo de leitura\" \/>\n\t<meta name=\"twitter:data2\" content=\"4 minutos\" \/>\n<script type=\"application\/ld+json\" class=\"yoast-schema-graph\">{\"@context\":\"https:\\\/\\\/schema.org\",\"@graph\":[{\"@type\":\"Article\",\"@id\":\"https:\\\/\\\/macaritravel.com\\\/blog\\\/holanda-belgica-e-franca-uma-viagem-pelos-encantos-da-europa\\\/#article\",\"isPartOf\":{\"@id\":\"https:\\\/\\\/macaritravel.com\\\/blog\\\/holanda-belgica-e-franca-uma-viagem-pelos-encantos-da-europa\\\/\"},\"author\":{\"name\":\"Macari Travel\",\"@id\":\"https:\\\/\\\/macaritravel.com\\\/blog\\\/#\\\/schema\\\/person\\\/e9960ec20c60bd30337fd00b82f2a928\"},\"headline\":\"Holanda, B\u00e9lgica e Fran\u00e7a: Uma Viagem Pelos Encantos da Europa\",\"datePublished\":\"2025-02-02T12:52:13+00:00\",\"dateModified\":\"2025-02-02T12:52:17+00:00\",\"mainEntityOfPage\":{\"@id\":\"https:\\\/\\\/macaritravel.com\\\/blog\\\/holanda-belgica-e-franca-uma-viagem-pelos-encantos-da-europa\\\/\"},\"wordCount\":632,\"commentCount\":0,\"publisher\":{\"@id\":\"https:\\\/\\\/macaritravel.com\\\/blog\\\/#organization\"},\"image\":{\"@id\":\"https:\\\/\\\/macaritravel.com\\\/blog\\\/holanda-belgica-e-franca-uma-viagem-pelos-encantos-da-europa\\\/#primaryimage\"},\"thumbnailUrl\":\"https:\\\/\\\/macaritravel.com\\\/blog\\\/wp-content\\\/uploads\\\/2025\\\/02\\\/DALL\u00b7E-2025-02-02-12.45.53-A-scenic-travel-collage-featuring-iconic-landmarks-of-the-Netherlands-Belgium-and-France.-The-image-includes-Amsterdams-picturesque-canals-with-tra.webp\",\"keywords\":[\"Amsterd\u00e3\",\"Antu\u00e9rpia\",\"B\u00e9lgica\",\"Bruxelas\",\"Dicas\",\"Europa\",\"Fran\u00e7a\",\"Holanda\",\"Paris\",\"Roteiro\",\"Tulipas\",\"Viagem\"],\"articleSection\":[\"B\u00e9lgica\",\"Europa\",\"Fran\u00e7a\",\"Holanda\"],\"inLanguage\":\"pt-BR\",\"potentialAction\":[{\"@type\":\"CommentAction\",\"name\":\"Comment\",\"target\":[\"https:\\\/\\\/macaritravel.com\\\/blog\\\/holanda-belgica-e-franca-uma-viagem-pelos-encantos-da-europa\\\/#respond\"]}]},{\"@type\":\"WebPage\",\"@id\":\"https:\\\/\\\/macaritravel.com\\\/blog\\\/holanda-belgica-e-franca-uma-viagem-pelos-encantos-da-europa\\\/\",\"url\":\"https:\\\/\\\/macaritravel.com\\\/blog\\\/holanda-belgica-e-franca-uma-viagem-pelos-encantos-da-europa\\\/\",\"name\":\"Holanda, B\u00e9lgica e Fran\u00e7a: Uma Viagem Pelos Encantos da Europa - Macari Travel Blog\",\"isPartOf\":{\"@id\":\"https:\\\/\\\/macaritravel.com\\\/blog\\\/#website\"},\"primaryImageOfPage\":{\"@id\":\"https:\\\/\\\/macaritravel.com\\\/blog\\\/holanda-belgica-e-franca-uma-viagem-pelos-encantos-da-europa\\\/#primaryimage\"},\"image\":{\"@id\":\"https:\\\/\\\/macaritravel.com\\\/blog\\\/holanda-belgica-e-franca-uma-viagem-pelos-encantos-da-europa\\\/#primaryimage\"},\"thumbnailUrl\":\"https:\\\/\\\/macaritravel.com\\\/blog\\\/wp-content\\\/uploads\\\/2025\\\/02\\\/DALL\u00b7E-2025-02-02-12.45.53-A-scenic-travel-collage-featuring-iconic-landmarks-of-the-Netherlands-Belgium-and-France.-The-image-includes-Amsterdams-picturesque-canals-with-tra.webp\",\"datePublished\":\"2025-02-02T12:52:13+00:00\",\"dateModified\":\"2025-02-02T12:52:17+00:00\",\"description\":\"Descubra as paisagens encantadoras da Holanda, B\u00e9lgica e Fran\u00e7a em uma viagem pela Europa Ocidental. De Amsterd\u00e3 a Paris, passando por Bruxelas e Antu\u00e9rpia, explore cidades vibrantes, museus ic\u00f4nicos e uma rica heran\u00e7a cultural.\",\"breadcrumb\":{\"@id\":\"https:\\\/\\\/macaritravel.com\\\/blog\\\/holanda-belgica-e-franca-uma-viagem-pelos-encantos-da-europa\\\/#breadcrumb\"},\"inLanguage\":\"pt-BR\",\"potentialAction\":[{\"@type\":\"ReadAction\",\"target\":[\"https:\\\/\\\/macaritravel.com\\\/blog\\\/holanda-belgica-e-franca-uma-viagem-pelos-encantos-da-europa\\\/\"]}]},{\"@type\":\"ImageObject\",\"inLanguage\":\"pt-BR\",\"@id\":\"https:\\\/\\\/macaritravel.com\\\/blog\\\/holanda-belgica-e-franca-uma-viagem-pelos-encantos-da-europa\\\/#primaryimage\",\"url\":\"https:\\\/\\\/macaritravel.com\\\/blog\\\/wp-content\\\/uploads\\\/2025\\\/02\\\/DALL\u00b7E-2025-02-02-12.45.53-A-scenic-travel-collage-featuring-iconic-landmarks-of-the-Netherlands-Belgium-and-France.-The-image-includes-Amsterdams-picturesque-canals-with-tra.webp\",\"contentUrl\":\"https:\\\/\\\/macaritravel.com\\\/blog\\\/wp-content\\\/uploads\\\/2025\\\/02\\\/DALL\u00b7E-2025-02-02-12.45.53-A-scenic-travel-collage-featuring-iconic-landmarks-of-the-Netherlands-Belgium-and-France.-The-image-includes-Amsterdams-picturesque-canals-with-tra.webp\",\"width\":1792,\"height\":1024,\"caption\":\"Holanda Florida com B\u00e9lgica e Fran\u00e7a\"},{\"@type\":\"BreadcrumbList\",\"@id\":\"https:\\\/\\\/macaritravel.com\\\/blog\\\/holanda-belgica-e-franca-uma-viagem-pelos-encantos-da-europa\\\/#breadcrumb\",\"itemListElement\":[{\"@type\":\"ListItem\",\"position\":1,\"name\":\"In\u00edcio\",\"item\":\"https:\\\/\\\/macaritravel.com\\\/blog\\\/\"},{\"@type\":\"ListItem\",\"position\":2,\"name\":\"Holanda, B\u00e9lgica e Fran\u00e7a: Uma Viagem Pelos Encantos da Europa\"}]},{\"@type\":\"WebSite\",\"@id\":\"https:\\\/\\\/macaritravel.com\\\/blog\\\/#website\",\"url\":\"https:\\\/\\\/macaritravel.com\\\/blog\\\/\",\"name\":\"Blog da Macari Travel\",\"description\":\"Blog Oficial da Macari Travel\",\"publisher\":{\"@id\":\"https:\\\/\\\/macaritravel.com\\\/blog\\\/#organization\"},\"potentialAction\":[{\"@type\":\"SearchAction\",\"target\":{\"@type\":\"EntryPoint\",\"urlTemplate\":\"https:\\\/\\\/macaritravel.com\\\/blog\\\/?s={search_term_string}\"},\"query-input\":{\"@type\":\"PropertyValueSpecification\",\"valueRequired\":true,\"valueName\":\"search_term_string\"}}],\"inLanguage\":\"pt-BR\"},{\"@type\":\"Organization\",\"@id\":\"https:\\\/\\\/macaritravel.com\\\/blog\\\/#organization\",\"name\":\"Macari Travel\",\"url\":\"https:\\\/\\\/macaritravel.com\\\/blog\\\/\",\"logo\":{\"@type\":\"ImageObject\",\"inLanguage\":\"pt-BR\",\"@id\":\"https:\\\/\\\/macaritravel.com\\\/blog\\\/#\\\/schema\\\/logo\\\/image\\\/\",\"url\":\"https:\\\/\\\/macaritravel.com\\\/blog\\\/wp-content\\\/uploads\\\/2022\\\/10\\\/Logo-MT-Oficial.png\",\"contentUrl\":\"https:\\\/\\\/macaritravel.com\\\/blog\\\/wp-content\\\/uploads\\\/2022\\\/10\\\/Logo-MT-Oficial.png\",\"width\":1350,\"height\":600,\"caption\":\"Macari Travel\"},\"image\":{\"@id\":\"https:\\\/\\\/macaritravel.com\\\/blog\\\/#\\\/schema\\\/logo\\\/image\\\/\"},\"sameAs\":[\"https:\\\/\\\/www.facebook.com\\\/MacariTravel\",\"https:\\\/\\\/www.instagram.com\\\/macari_travel\\\/\"]},{\"@type\":\"Person\",\"@id\":\"https:\\\/\\\/macaritravel.com\\\/blog\\\/#\\\/schema\\\/person\\\/e9960ec20c60bd30337fd00b82f2a928\",\"name\":\"Macari Travel\",\"image\":{\"@type\":\"ImageObject\",\"inLanguage\":\"pt-BR\",\"@id\":\"https:\\\/\\\/macaritravel.com\\\/blog\\\/wp-content\\\/uploads\\\/2024\\\/04\\\/Logo-redondo-com-fundo-branco-maior-150x150.png\",\"url\":\"https:\\\/\\\/macaritravel.com\\\/blog\\\/wp-content\\\/uploads\\\/2024\\\/04\\\/Logo-redondo-com-fundo-branco-maior-150x150.png\",\"contentUrl\":\"https:\\\/\\\/macaritravel.com\\\/blog\\\/wp-content\\\/uploads\\\/2024\\\/04\\\/Logo-redondo-com-fundo-branco-maior-150x150.png\",\"caption\":\"Macari Travel\"},\"description\":\"Dispomos de consultores com uma m\u00e9dia de 20 anos de experi\u00eancia e paix\u00e3o por viagens, que ir\u00e3o trabalhar os detalhes e criar f\u00e9rias inesquec\u00edveis.\",\"sameAs\":[\"https:\\\/\\\/macaritravel.com\\\/blog\",\"http:\\\/\\\/facebook.com\\\/macaritravel\",\"http:\\\/\\\/instagram.com\\\/macari_travel\"],\"url\":\"https:\\\/\\\/macaritravel.com\\\/blog\\\/author\\\/macari\\\/\"}]}<\/script>\n<!-- \/ Yoast SEO plugin. -->","yoast_head_json":{"title":"Holanda, B\u00e9lgica e Fran\u00e7a: Uma Viagem Pelos Encantos da Europa - Macari Travel Blog","description":"Descubra as paisagens encantadoras da Holanda, B\u00e9lgica e Fran\u00e7a em uma viagem pela Europa Ocidental. De Amsterd\u00e3 a Paris, passando por Bruxelas e Antu\u00e9rpia, explore cidades vibrantes, museus ic\u00f4nicos e uma rica heran\u00e7a cultural.","robots":{"index":"index","follow":"follow","max-snippet":"max-snippet:-1","max-image-preview":"max-image-preview:large","max-video-preview":"max-video-preview:-1"},"canonical":"https:\/\/macaritravel.com\/blog\/holanda-belgica-e-franca-uma-viagem-pelos-encantos-da-europa\/","og_locale":"pt_BR","og_type":"article","og_title":"Holanda, B\u00e9lgica e Fran\u00e7a: Uma Viagem Pelos Encantos da Europa - Macari Travel Blog","og_description":"Descubra as paisagens encantadoras da Holanda, B\u00e9lgica e Fran\u00e7a em uma viagem pela Europa Ocidental. De Amsterd\u00e3 a Paris, passando por Bruxelas e Antu\u00e9rpia, explore cidades vibrantes, museus ic\u00f4nicos e uma rica heran\u00e7a cultural.","og_url":"https:\/\/macaritravel.com\/blog\/holanda-belgica-e-franca-uma-viagem-pelos-encantos-da-europa\/","og_site_name":"Macari Travel Blog","article_publisher":"https:\/\/www.facebook.com\/MacariTravel","article_author":"http:\/\/facebook.com\/macaritravel","article_published_time":"2025-02-02T12:52:13+00:00","article_modified_time":"2025-02-02T12:52:17+00:00","og_image":[{"width":1792,"height":1024,"url":"https:\/\/macaritravel.com\/blog\/wp-content\/uploads\/2025\/02\/DALL\u00b7E-2025-02-02-12.45.53-A-scenic-travel-collage-featuring-iconic-landmarks-of-the-Netherlands-Belgium-and-France.-The-image-includes-Amsterdams-picturesque-canals-with-tra.webp","type":"image\/webp"}],"author":"Macari Travel","twitter_card":"summary_large_image","twitter_misc":{"Escrito por":"Macari Travel","Est. tempo de leitura":"4 minutos"},"schema":{"@context":"https:\/\/schema.org","@graph":[{"@type":"Article","@id":"https:\/\/macaritravel.com\/blog\/holanda-belgica-e-franca-uma-viagem-pelos-encantos-da-europa\/#article","isPartOf":{"@id":"https:\/\/macaritravel.com\/blog\/holanda-belgica-e-franca-uma-viagem-pelos-encantos-da-europa\/"},"author":{"name":"Macari Travel","@id":"https:\/\/macaritravel.com\/blog\/#\/schema\/person\/e9960ec20c60bd30337fd00b82f2a928"},"headline":"Holanda, B\u00e9lgica e Fran\u00e7a: Uma Viagem Pelos Encantos da Europa","datePublished":"2025-02-02T12:52:13+00:00","dateModified":"2025-02-02T12:52:17+00:00","mainEntityOfPage":{"@id":"https:\/\/macaritravel.com\/blog\/holanda-belgica-e-franca-uma-viagem-pelos-encantos-da-europa\/"},"wordCount":632,"commentCount":0,"publisher":{"@id":"https:\/\/macaritravel.com\/blog\/#organization"},"image":{"@id":"https:\/\/macaritravel.com\/blog\/holanda-belgica-e-franca-uma-viagem-pelos-encantos-da-europa\/#primaryimage"},"thumbnailUrl":"https:\/\/macaritravel.com\/blog\/wp-content\/uploads\/2025\/02\/DALL\u00b7E-2025-02-02-12.45.53-A-scenic-travel-collage-featuring-iconic-landmarks-of-the-Netherlands-Belgium-and-France.-The-image-includes-Amsterdams-picturesque-canals-with-tra.webp","keywords":["Amsterd\u00e3","Antu\u00e9rpia","B\u00e9lgica","Bruxelas","Dicas","Europa","Fran\u00e7a","Holanda","Paris","Roteiro","Tulipas","Viagem"],"articleSection":["B\u00e9lgica","Europa","Fran\u00e7a","Holanda"],"inLanguage":"pt-BR","potentialAction":[{"@type":"CommentAction","name":"Comment","target":["https:\/\/macaritravel.com\/blog\/holanda-belgica-e-franca-uma-viagem-pelos-encantos-da-europa\/#respond"]}]},{"@type":"WebPage","@id":"https:\/\/macaritravel.com\/blog\/holanda-belgica-e-franca-uma-viagem-pelos-encantos-da-europa\/","url":"https:\/\/macaritravel.com\/blog\/holanda-belgica-e-franca-uma-viagem-pelos-encantos-da-europa\/","name":"Holanda, B\u00e9lgica e Fran\u00e7a: Uma Viagem Pelos Encantos da Europa - Macari Travel Blog","isPartOf":{"@id":"https:\/\/macaritravel.com\/blog\/#website"},"primaryImageOfPage":{"@id":"https:\/\/macaritravel.com\/blog\/holanda-belgica-e-franca-uma-viagem-pelos-encantos-da-europa\/#primaryimage"},"image":{"@id":"https:\/\/macaritravel.com\/blog\/holanda-belgica-e-franca-uma-viagem-pelos-encantos-da-europa\/#primaryimage"},"thumbnailUrl":"https:\/\/macaritravel.com\/blog\/wp-content\/uploads\/2025\/02\/DALL\u00b7E-2025-02-02-12.45.53-A-scenic-travel-collage-featuring-iconic-landmarks-of-the-Netherlands-Belgium-and-France.-The-image-includes-Amsterdams-picturesque-canals-with-tra.webp","datePublished":"2025-02-02T12:52:13+00:00","dateModified":"2025-02-02T12:52:17+00:00","description":"Descubra as paisagens encantadoras da Holanda, B\u00e9lgica e Fran\u00e7a em uma viagem pela Europa Ocidental. De Amsterd\u00e3 a Paris, passando por Bruxelas e Antu\u00e9rpia, explore cidades vibrantes, museus ic\u00f4nicos e uma rica heran\u00e7a cultural.","breadcrumb":{"@id":"https:\/\/macaritravel.com\/blog\/holanda-belgica-e-franca-uma-viagem-pelos-encantos-da-europa\/#breadcrumb"},"inLanguage":"pt-BR","potentialAction":[{"@type":"ReadAction","target":["https:\/\/macaritravel.com\/blog\/holanda-belgica-e-franca-uma-viagem-pelos-encantos-da-europa\/"]}]},{"@type":"ImageObject","inLanguage":"pt-BR","@id":"https:\/\/macaritravel.com\/blog\/holanda-belgica-e-franca-uma-viagem-pelos-encantos-da-europa\/#primaryimage","url":"https:\/\/macaritravel.com\/blog\/wp-content\/uploads\/2025\/02\/DALL\u00b7E-2025-02-02-12.45.53-A-scenic-travel-collage-featuring-iconic-landmarks-of-the-Netherlands-Belgium-and-France.-The-image-includes-Amsterdams-picturesque-canals-with-tra.webp","contentUrl":"https:\/\/macaritravel.com\/blog\/wp-content\/uploads\/2025\/02\/DALL\u00b7E-2025-02-02-12.45.53-A-scenic-travel-collage-featuring-iconic-landmarks-of-the-Netherlands-Belgium-and-France.-The-image-includes-Amsterdams-picturesque-canals-with-tra.webp","width":1792,"height":1024,"caption":"Holanda Florida com B\u00e9lgica e Fran\u00e7a"},{"@type":"BreadcrumbList","@id":"https:\/\/macaritravel.com\/blog\/holanda-belgica-e-franca-uma-viagem-pelos-encantos-da-europa\/#breadcrumb","itemListElement":[{"@type":"ListItem","position":1,"name":"In\u00edcio","item":"https:\/\/macaritravel.com\/blog\/"},{"@type":"ListItem","position":2,"name":"Holanda, B\u00e9lgica e Fran\u00e7a: Uma Viagem Pelos Encantos da Europa"}]},{"@type":"WebSite","@id":"https:\/\/macaritravel.com\/blog\/#website","url":"https:\/\/macaritravel.com\/blog\/","name":"Blog da Macari Travel","description":"Blog Oficial da Macari Travel","publisher":{"@id":"https:\/\/macaritravel.com\/blog\/#organization"},"potentialAction":[{"@type":"SearchAction","target":{"@type":"EntryPoint","urlTemplate":"https:\/\/macaritravel.com\/blog\/?s={search_term_string}"},"query-input":{"@type":"PropertyValueSpecification","valueRequired":true,"valueName":"search_term_string"}}],"inLanguage":"pt-BR"},{"@type":"Organization","@id":"https:\/\/macaritravel.com\/blog\/#organization","name":"Macari Travel","url":"https:\/\/macaritravel.com\/blog\/","logo":{"@type":"ImageObject","inLanguage":"pt-BR","@id":"https:\/\/macaritravel.com\/blog\/#\/schema\/logo\/image\/","url":"https:\/\/macaritravel.com\/blog\/wp-content\/uploads\/2022\/10\/Logo-MT-Oficial.png","contentUrl":"https:\/\/macaritravel.com\/blog\/wp-content\/uploads\/2022\/10\/Logo-MT-Oficial.png","width":1350,"height":600,"caption":"Macari Travel"},"image":{"@id":"https:\/\/macaritravel.com\/blog\/#\/schema\/logo\/image\/"},"sameAs":["https:\/\/www.facebook.com\/MacariTravel","https:\/\/www.instagram.com\/macari_travel\/"]},{"@type":"Person","@id":"https:\/\/macaritravel.com\/blog\/#\/schema\/person\/e9960ec20c60bd30337fd00b82f2a928","name":"Macari Travel","image":{"@type":"ImageObject","inLanguage":"pt-BR","@id":"https:\/\/macaritravel.com\/blog\/wp-content\/uploads\/2024\/04\/Logo-redondo-com-fundo-branco-maior-150x150.png","url":"https:\/\/macaritravel.com\/blog\/wp-content\/uploads\/2024\/04\/Logo-redondo-com-fundo-branco-maior-150x150.png","contentUrl":"https:\/\/macaritravel.com\/blog\/wp-content\/uploads\/2024\/04\/Logo-redondo-com-fundo-branco-maior-150x150.png","caption":"Macari Travel"},"description":"Dispomos de consultores com uma m\u00e9dia de 20 anos de experi\u00eancia e paix\u00e3o por viagens, que ir\u00e3o trabalhar os detalhes e criar f\u00e9rias inesquec\u00edveis.","sameAs":["https:\/\/macaritravel.com\/blog","http:\/\/facebook.com\/macaritravel","http:\/\/instagram.com\/macari_travel"],"url":"https:\/\/macaritravel.com\/blog\/author\/macari\/"}]}},"jetpack_publicize_connections":[],"jetpack_featured_media_url":"https:\/\/macaritravel.com\/blog\/wp-content\/uploads\/2025\/02\/DALL\u00b7E-2025-02-02-12.45.53-A-scenic-travel-collage-featuring-iconic-landmarks-of-the-Netherlands-Belgium-and-France.-The-image-includes-Amsterdams-picturesque-canals-with-tra.webp","jetpack_sharing_enabled":true,"_links":{"self":[{"href":"https:\/\/macaritravel.com\/blog\/wp-json\/wp\/v2\/posts\/5102","targetHints":{"allow":["GET"]}}],"collection":[{"href":"https:\/\/macaritravel.com\/blog\/wp-json\/wp\/v2\/posts"}],"about":[{"href":"https:\/\/macaritravel.com\/blog\/wp-json\/wp\/v2\/types\/post"}],"author":[{"embeddable":true,"href":"https:\/\/macaritravel.com\/blog\/wp-json\/wp\/v2\/users\/1"}],"replies":[{"embeddable":true,"href":"https:\/\/macaritravel.com\/blog\/wp-json\/wp\/v2\/comments?post=5102"}],"version-history":[{"count":0,"href":"https:\/\/macaritravel.com\/blog\/wp-json\/wp\/v2\/posts\/5102\/revisions"}],"wp:featuredmedia":[{"embeddable":true,"href":"https:\/\/macaritravel.com\/blog\/wp-json\/wp\/v2\/media\/5103"}],"wp:attachment":[{"href":"https:\/\/macaritravel.com\/blog\/wp-json\/wp\/v2\/media?parent=5102"}],"wp:term":[{"taxonomy":"category","embeddable":true,"href":"https:\/\/macaritravel.com\/blog\/wp-json\/wp\/v2\/categories?post=5102"},{"taxonomy":"post_tag","embeddable":true,"href":"https:\/\/macaritravel.com\/blog\/wp-json\/wp\/v2\/tags?post=5102"}],"curies":[{"name":"wp","href":"https:\/\/api.w.org\/{rel}","templated":true}]}}