{"id":64,"date":"2022-10-12T22:03:45","date_gmt":"2022-10-12T22:03:45","guid":{"rendered":"https:\/\/macaritravel.com\/blog\/?p=64"},"modified":"2022-10-20T12:03:13","modified_gmt":"2022-10-20T12:03:13","slug":"viajando-pela-italia","status":"publish","type":"post","link":"https:\/\/macaritravel.com\/blog\/viajando-pela-italia\/","title":{"rendered":"Roteiro de viagem pela Italia"},"content":{"rendered":"\n<p>J\u00e1 pensou viajar e conhecer a belliss\u00edma It\u00e1lia? Ou mesmo expandir seu conhecimento sobre este lindo pa\u00eds? <br>A Macari Travel criou um roteiro amplo e diversificado que com certeza ir\u00e1 lhe mostrar tudo e mais um pouco que a Italia tem de bom. Voc\u00ea pode fazer este roteiro por conta pr\u00f3pria ou comprar este roteiro conosco e iremos garantir a melhor experi\u00eancia, com estresse zero em todos as etapas, da compra, ao planejamento e ao retorno.<\/p>\n\n\n\n<p>Neste fascinante roteiro pela Italia, conheceremos a Ilha de Capri, Cinque Terre e a Costa Amalfitana com seu mar azul turquesa e suas casas coloridas nas encostas. Sirmione \u00e0 beira do Lago de Garda. Roma, Floren\u00e7a, Veneza e Verona, com suas obras de arte e seus famosos museus, que guardam obras criadas por artistas renomados. San Gimignano, a cidade medieval. Pomp\u00e9ia, a cidade soterrada. Mil\u00e3o, a cidade moderna. Incluindo o Vaticano, Assis e P\u00e1dua, os centros religiosos da It\u00e1lia.<\/p>\n\n\n\n<figure class=\"wp-block-image size-full\"><a href=\"https:\/\/www.agentcars.com\/subsite\/pt?agency=macari-travel\" target=\"_blank\" rel=\"noreferrer noopener\"><img decoding=\"async\" width=\"850\" height=\"125\" data-src=\"https:\/\/macaritravel.com\/blog\/wp-content\/uploads\/2022\/10\/imagemrental.jpeg\" alt=\"\" class=\"wp-image-556 lazyload\" data-srcset=\"https:\/\/macaritravel.com\/blog\/wp-content\/uploads\/2022\/10\/imagemrental.jpeg 850w, https:\/\/macaritravel.com\/blog\/wp-content\/uploads\/2022\/10\/imagemrental-300x44.jpeg 300w, https:\/\/macaritravel.com\/blog\/wp-content\/uploads\/2022\/10\/imagemrental-768x113.jpeg 768w\" data-sizes=\"(max-width: 850px) 100vw, 850px\" src=\"data:image\/svg+xml;base64,PHN2ZyB3aWR0aD0iMSIgaGVpZ2h0PSIxIiB4bWxucz0iaHR0cDovL3d3dy53My5vcmcvMjAwMC9zdmciPjwvc3ZnPg==\" style=\"--smush-placeholder-width: 850px; --smush-placeholder-aspect-ratio: 850\/125;\" \/><\/a><\/figure>\n\n\n\n<p><strong>1\u00b0 dia &#8211;&nbsp;Cidade de Origem&nbsp;\/ S\u00e3o Paulo \/ Mil\u00e3o<\/strong><br>Embarque com destino a Guarulhos para a conex\u00e3o com destino a Mil\u00e3o. Pernoite e refei\u00e7\u00f5es a bordo.<br><\/p>\n\n\n\n<figure class=\"wp-block-image size-full is-resized\"><img decoding=\"async\" data-src=\"https:\/\/macaritravel.com\/blog\/wp-content\/uploads\/2022\/10\/milao.jpg\" alt=\"\" class=\"wp-image-73 lazyload\" width=\"840\" height=\"558\" data-srcset=\"https:\/\/macaritravel.com\/blog\/wp-content\/uploads\/2022\/10\/milao.jpg 671w, https:\/\/macaritravel.com\/blog\/wp-content\/uploads\/2022\/10\/milao-300x199.jpg 300w\" data-sizes=\"(max-width: 840px) 100vw, 840px\" src=\"data:image\/svg+xml;base64,PHN2ZyB3aWR0aD0iMSIgaGVpZ2h0PSIxIiB4bWxucz0iaHR0cDovL3d3dy53My5vcmcvMjAwMC9zdmciPjwvc3ZnPg==\" style=\"--smush-placeholder-width: 840px; --smush-placeholder-aspect-ratio: 840\/558;\" \/><\/figure>\n\n\n\n<p><br><strong>2\u00b0 dia &#8211; Mil\u00e3o<\/strong><br>Chegada em Mil\u00e3o, procedimentos migrat\u00f3rios e alfandeg\u00e1rios e \u201cBem-Vindos \u00e0 It\u00e1lia\u201d. Traslado at\u00e9 o hotel. Restante do dia livre. Hospedagem.<br><br><strong>3\u00b0 dia &#8211; Mil\u00e3o<\/strong><br>Caf\u00e9 da Manh\u00e3. Sa\u00edda para realizar, City Tour visitando os pontos tur\u00edsticos da cidade: Pra\u00e7a do Duomo, a Galeria Vittorio Emanuele, a Avenida Vittorio Emanuelle, cheia de lojas famosas, Via Montenapoleone e Via della Spiga, entre outros. Restante do dia livre.<br><br><strong>4\u00b0 dia &#8211; Mil\u00e3o \/ G\u00eanova \/ Cinque Terre \/ Lucca<\/strong><br>Caf\u00e9 da manh\u00e3. Sa\u00edda G\u00eanova onde acompanhados do guia local, faremos tour panor\u00e2mico por G\u00eanova. Logo ap\u00f3s seguiremos pela fant\u00e1stica regi\u00e3o de Cinque Terre (incluimos tren Manarola) uma viagem fascinante com paisagens incr\u00edveis do litoral da Toscana. Chegada em Lucca. Hospedagem.<br><br><strong>5\u00b0 dia &#8211; Luca \/ Pisa \/ Floren\u00e7a<\/strong><br>Caf\u00e9 da manh\u00e3. Sa\u00edda para visita a Lucca, considerada uma das joias da Toscana e ainda mant\u00e9m intactas suas muralhas. logo ap\u00f3s sairemos para Pisa, parada para visitar a famosa Torre Inclinada. Logo ap\u00f3s seguiremos viagem para Floren\u00e7a.&nbsp;<\/p>\n\n\n\n<figure class=\"wp-block-image size-full is-resized\"><img decoding=\"async\" data-src=\"https:\/\/macaritravel.com\/blog\/wp-content\/uploads\/2022\/10\/Florenca.jpg\" alt=\"\" class=\"wp-image-75 lazyload\" width=\"839\" height=\"559\" data-srcset=\"https:\/\/macaritravel.com\/blog\/wp-content\/uploads\/2022\/10\/Florenca.jpg 669w, https:\/\/macaritravel.com\/blog\/wp-content\/uploads\/2022\/10\/Florenca-300x200.jpg 300w\" data-sizes=\"(max-width: 839px) 100vw, 839px\" src=\"data:image\/svg+xml;base64,PHN2ZyB3aWR0aD0iMSIgaGVpZ2h0PSIxIiB4bWxucz0iaHR0cDovL3d3dy53My5vcmcvMjAwMC9zdmciPjwvc3ZnPg==\" style=\"--smush-placeholder-width: 839px; --smush-placeholder-aspect-ratio: 839\/559;\" \/><\/figure>\n\n\n\n<p><br><strong>6\u00b0 dia &#8211; Floren\u00e7a<\/strong><br>Caf\u00e9 da manh\u00e3. Sa\u00edda para visita com guia local. Ber\u00e7o do Renascimento, terra de Leonardo da Vinci, Michelangelo, Giotto, Dante e Machiavelli, entre outros. Durante a visita teremos oportunidade de admirar a Catedral de Santa Maria del Fiore, o Baptist\u00e9rio com as c\u00e9lebres Portas do Para\u00edso, a Igreja de Santa Cruz, Pante\u00e3o dos Grandes de It\u00e1lia, a Piazza della Signoria e a Ponte Velha. Restante tempo livre para visitas pessoais. Tarde livre para atividades pessoais. Hospedagem em Floren\u00e7a.<br><br><strong>7\u00b0 dia &#8211; Floren\u00e7a \/ San Gimignano \/ Siena \/ Roma<\/strong><br>Caf\u00e9 da manh\u00e3. Sa\u00edda para San Gimignano,&nbsp;vila medieval, com as suas torres rodeadas de muralhas, Patrim\u00f4nio da Humanidade. Apos seguiremos at\u00e9 Siena uma cidade que se destingue-se por suas constru\u00e7\u00f5es medievais de tijolos, alem da Torre del Mangia, uma esguia torre do seculo XIV. Chegada em Roma, hospedagem.<\/p>\n\n\n\n<figure class=\"wp-block-image size-full is-resized\"><img decoding=\"async\" data-src=\"https:\/\/macaritravel.com\/blog\/wp-content\/uploads\/2022\/10\/roma.jpg\" alt=\"\" class=\"wp-image-76 lazyload\" width=\"838\" height=\"560\" data-srcset=\"https:\/\/macaritravel.com\/blog\/wp-content\/uploads\/2022\/10\/roma.jpg 668w, https:\/\/macaritravel.com\/blog\/wp-content\/uploads\/2022\/10\/roma-300x200.jpg 300w\" data-sizes=\"(max-width: 838px) 100vw, 838px\" src=\"data:image\/svg+xml;base64,PHN2ZyB3aWR0aD0iMSIgaGVpZ2h0PSIxIiB4bWxucz0iaHR0cDovL3d3dy53My5vcmcvMjAwMC9zdmciPjwvc3ZnPg==\" style=\"--smush-placeholder-width: 838px; --smush-placeholder-aspect-ratio: 838\/560;\" \/><\/figure>\n\n\n\n<p><strong>8\u00b0 dia &#8211; Roma<\/strong><br>Caf\u00e9 da manh\u00e3. Sa\u00edda para visita de dia inteiro a Roma, com guia local, ao interior do incompar\u00e1vel Museu do Vaticano e da Capela Sistina, onde Michelangelo pintou a sua genial vis\u00e3o da Cria\u00e7\u00e3o, \u00e0 Pra\u00e7a e Bas\u00edlica de S. Pedro, o Coliseu, bem como o Arco de Constantino, o Circo M\u00e1ximo, a Colina do Palatino e o interior da Igreja de Santa Maria Maior. Almo\u00e7o livre. Restante tarde livre para atividades pessoais.<br><br><strong>9\u00b0 dia &#8211; Roma<\/strong><br>Caf\u00e9 da manh\u00e3. Dia livre, sujeriomos a visita ao&nbsp;Museus Capitolinos e a Galleria Borghese onde se encontra uma das cole\u00e7\u00f5es de artes mais importantes da cidade de Roma.<\/p>\n\n\n\n<p><br><strong>10\u00b0 dia &#8211; Roma \/ N\u00e1poles \/ Ilha de Capri \/ N\u00e1poles<\/strong><br>Caf\u00e9 da manh\u00e3. Sa\u00edda para a regi\u00e3o da Camp\u00e2nia. Chegada a N\u00e1poles, breve visita panor\u00e2mica com parada no centro, para apreciarmos a Piazza del Munic\u00edpio, o Castel Nuovo e a Galeria Humberto I, entre outros locais de interesse.&nbsp;Ap\u00f3s o almo\u00e7o em restaurante local atravessamos em ferry para a pequena e glamorosa ilha de Capri. Ao fim da tarde, travessia de ferry. Chegada e hospedagem.<\/p>\n\n\n\n<figure class=\"wp-block-image size-full is-resized\"><img decoding=\"async\" data-src=\"https:\/\/macaritravel.com\/blog\/wp-content\/uploads\/2022\/10\/CostaAmalfitana.jpg\" alt=\"\" class=\"wp-image-77 lazyload\" width=\"840\" height=\"560\" data-srcset=\"https:\/\/macaritravel.com\/blog\/wp-content\/uploads\/2022\/10\/CostaAmalfitana.jpg 669w, https:\/\/macaritravel.com\/blog\/wp-content\/uploads\/2022\/10\/CostaAmalfitana-300x200.jpg 300w\" data-sizes=\"(max-width: 840px) 100vw, 840px\" src=\"data:image\/svg+xml;base64,PHN2ZyB3aWR0aD0iMSIgaGVpZ2h0PSIxIiB4bWxucz0iaHR0cDovL3d3dy53My5vcmcvMjAwMC9zdmciPjwvc3ZnPg==\" style=\"--smush-placeholder-width: 840px; --smush-placeholder-aspect-ratio: 840\/560;\" \/><\/figure>\n\n\n\n<p><br><strong>11\u00b0 dia &#8211; N\u00e1poles \/ Sorrento \/ Costa Amalfitana \/ N\u00e1poles<\/strong><br>Caf\u00e9 da manh\u00e3. Sa\u00edda pela Costa Amalfitana, com as mais deslumbrantes paisagens sobre o mar Mediterr\u00e2neo, considerada patrim\u00f4nio mundial da UNESCO. Pequenas localidades desfilam pela estrada que serpenteia por entre o mar e a montanha: Sta. \u00c1gata, Positano, Ravello e finalmente Amalfi, pitoresco porto de mar de \u00e1guas azul-turquesa, em contraste com o branco do casario. Parada nesta esta\u00e7\u00e3o balne\u00e1ria para almo\u00e7o e tempo livre para desfrutar desta bela paisagem. A tarde regresso ao hotel. Hospedagem.<br><br><strong>12\u00b0 dia &#8211; N\u00e1poles \/ Pompeia \/ Assis<\/strong><br>Caf\u00e9 da manh\u00e3. Sa\u00edda para Pompeia cidade que est\u00e1 nos arredores do magn\u00edfico vulc\u00e3o Ves\u00favio que no ano de 79 d.C. entrou em erup\u00e7\u00e3o sepultando a esta vizinha cidade romana, patrim\u00f4nio mundial da UNESCO. Visita com guia local deste extraordin\u00e1rio n\u00facleo arqueol\u00f3gico, um documento essencial sobre a vida da antiguidade. Para compreendermos como viveram os seus habitantes h\u00e1 2.000 anos, percorremos as ruas cujo o cal\u00e7amento \u00e9 feito de pedras. Em hora oportuna partiremos para norte. Ao final da tarde chegamos \u00e0 bela Toscana e uma das cidades mais emblem\u00e1ticas da regi\u00e3o &#8211; Assis. Hospedagem.<\/p>\n\n\n\n<p><br><strong>13\u00b0 dia &#8211; Assis \/ Veneza-Mestre<\/strong><br>Caf\u00e9 da manh\u00e3 e visita a Bas\u00edlica de S\u00e3o Francisco de Assis e de Santa Clara. Logo ap\u00f3s, partiremos para a cordilheira dos Apeninos, na dire\u00e7\u00e3o da generosa plan\u00edcie do P\u00f3 at\u00e9 chegar \u00e0 V\u00eaneto e sua capital Veneza. Hospedagem em Mestre.<br><\/p>\n\n\n\n<figure class=\"wp-block-image size-large is-resized\"><img decoding=\"async\" data-src=\"https:\/\/macaritravel.com\/blog\/wp-content\/uploads\/2022\/10\/veneza-1024x576.jpg\" alt=\"\" class=\"wp-image-78 lazyload\" width=\"840\" height=\"472\" data-srcset=\"https:\/\/macaritravel.com\/blog\/wp-content\/uploads\/2022\/10\/veneza-1024x576.jpg 1024w, https:\/\/macaritravel.com\/blog\/wp-content\/uploads\/2022\/10\/veneza-300x169.jpg 300w, https:\/\/macaritravel.com\/blog\/wp-content\/uploads\/2022\/10\/veneza-768x432.jpg 768w, https:\/\/macaritravel.com\/blog\/wp-content\/uploads\/2022\/10\/veneza.jpg 1280w\" data-sizes=\"(max-width: 840px) 100vw, 840px\" src=\"data:image\/svg+xml;base64,PHN2ZyB3aWR0aD0iMSIgaGVpZ2h0PSIxIiB4bWxucz0iaHR0cDovL3d3dy53My5vcmcvMjAwMC9zdmciPjwvc3ZnPg==\" style=\"--smush-placeholder-width: 840px; --smush-placeholder-aspect-ratio: 840\/472;\" \/><\/figure>\n\n\n\n<p><br><strong>14\u00b0 dia &#8211; Veneza<\/strong><br>Caf\u00e9 da manh\u00e3. Sa\u00edda para o cais, onde uma lancha publica percorrer\u00e1 o Grande Canal at\u00e9 a Piazza San Marco, ponto tur\u00edstico mais importante de Veneza. Desembarque e in\u00edcio de uma visita panor\u00e2mica a p\u00e9, com guia local, \u00e0 cidade de Veneza, \u201cA Seren\u00edssima\u201d. O Pal\u00e1cio Ducal, a Pra\u00e7a e o exterior da Bas\u00edlica de S. Marcos, a Ponte dos Suspiros, entre outros, far\u00e3o parte desta visita. Tempo livre para visitas pessoais. Em hora a combinar regresso ao hotel.<br><br><strong>15\u00b0 dia &#8211; Veneza \/ P\u00e1dua \/ Verona&nbsp;<\/strong><br>Caf\u00e9 da manh\u00e3. Sa\u00edda para P\u00e1dua para visitar a Bas\u00edlica de Santo Ant\u00f4nio, com as suas c\u00fapulas bizantinas, que alberga o t\u00famulo e rel\u00edquias do santo padroeiro. Seguindo para Verona, passeio a cidade imortalizada por Shakespeare no romance Romeu e Julieta, passando pela Pra\u00e7a Bra onde se destaca o anfiteatro romano, a comercial via Mazzini, Piazza delle Erbe, Piazza dei Signori e a casa de Julieta. Hospedagem.<br><br><strong>16\u00b0 dia &#8211; Verona \/ Lago de Garda \/ Mil\u00e3o \/ Pernoite em voo<\/strong><br>Caf\u00e9 da manh\u00e3 e continua\u00e7\u00e3o da viagem at\u00e9 a regi\u00e3o de Sirmione. Passeio de barco pelo encantador Lago de Garda. Em hor\u00e1rio determinado traslado para o aeroporto de Mil\u00e3o para voo de retorno para o Brasil. Chegada no outro dia.<br><br><strong>17\u00ba dia &#8211; S\u00e3o Paulo \/ Cidade de Origem<\/strong><br>Chegada ao aeroporto de S\u00e3o Paulo. Tr\u00e2mites alfandeg\u00e1rios e de aduaneiros. Embarque em voo dom\u00e9stico para a cidade de origem.<\/p>\n\n\n\n<p>Gostou de nossa sugest\u00e3o de roteiro? Que tal comprar hoje mesmo e garantir esta viagem maravilhosa que ficar\u00e1 na lembran\u00e7a pra sempre?<\/p>\n\n\n\n<div class=\"ictab-main-container-wrap ictab-clearfix ictab-bgsection-custom\" id=\"ictab-random-770514332\" style=\"width:;height:;\">\r\n    <div class=\"ictab-available-template-wrap ictab-template3\">\r\n          <div class=\"ictab-inner-wrapper ictab-bgcolor-wrap ictab-parallax-enabled ictab-parallax-for-videos-fixes\"  style=\"background-color:#dd9933\">   \r\n                            <div class=\"ictab-common-overlay\"><\/div>\r\n                                    <div class=\"ictab-single-content-wrapper\">\r\n<div class=\"ictab-content-wrap-section\">\r\n <div class=\"ictab-header-text-wrap wow animated fadeInRight\">\r\n <h3>Macari Travel <\/h3>\r\n<\/div>\r\n\r\n <div class=\"ictab-description-content-wrap wow animated fadeInUp\">\r\n  Viagens incr\u00edveis? Somos especialistas!<\/div>\r\n <div class=\"ictab-ctabbutton-wrap\">\r\n <div class=\"ictab-btn-wrap ictab-button-wrap  wow animated fadeInLeft\" id=\"ictab-btn1-821204744\">\r\n   <div class=\"ictab-button-main-wrap \">\r\n    <a href=\"https:\/\/app.leadster.com.br\/capture\/nhN7xpHVG0c89b64\"   \r\n      class=\"ictab-btn-tag ictab_show_both ictab-external-btn-type \r\n      button-shine\" target='_blank' data-text=\"Entre em Contato\">\r\n        <span data-text='Entre em Contato'>Entre em Contato<\/span>    <\/a>\r\n   <\/div>\r\n<\/div>\r\n<style>\r\n<\/style>\r\n<\/div>   <\/div>\r\n<\/div>\r\n         <\/div>\r\n    <\/div>\r\n<style type='text\/css' media='all'>\r\n.ictab-main-container-wrap#ictab-random-770514332 .ictab-header-text-wrap h3 {  }\r\n\r\n\r\n    <\/style>\r\n<style type='text\/css' media='all'>\r\n#ictab-random-770514332 .ictab-template3 .ictab-content-wrap-section:before{\r\nbackground-color:#ddb033;\r\n}\r\n#ictab-random-770514332 .ictab-template4 .ictab-inner-wrapper .ictab-content-wrap-section{\r\nbackground:#ddb033;\r\n}\r\n\r\n#ictab-random-770514332 .ictab-template36 .ictab-double-content-wrapper .ictab-content-wrap-section .ictab-left-content-wrap{\r\n   background:#ddb033; \r\n}\r\n<\/style>\r\n<\/div>\n\n\n","protected":false},"excerpt":{"rendered":"<p>J\u00e1 pensou viajar e conhecer a belliss\u00edma It\u00e1lia? Ou mesmo expandir seu conhecimento sobre este lindo pa\u00eds? A Macari Travel criou um roteiro amplo e diversificado que com&#8230; <\/p>\n","protected":false},"author":1,"featured_media":65,"comment_status":"open","ping_status":"closed","sticky":false,"template":"","format":"standard","meta":{"sfsi_plus_gutenberg_text_before_share":"","sfsi_plus_gutenberg_show_text_before_share":"","sfsi_plus_gutenberg_icon_type":"","sfsi_plus_gutenberg_icon_alignemt":"","sfsi_plus_gutenburg_max_per_row":"","episode_type":"","audio_file":"","podmotor_file_id":"","podmotor_episode_id":"","cover_image":"","cover_image_id":"","duration":"","filesize":"","filesize_raw":"","date_recorded":"","explicit":"","block":"","itunes_episode_number":"","itunes_title":"","itunes_season_number":"","itunes_episode_type":"","jetpack_post_was_ever_published":false,"_jetpack_newsletter_access":"","_jetpack_dont_email_post_to_subs":false,"_jetpack_newsletter_tier_id":0,"_jetpack_memberships_contains_paywalled_content":false,"_jetpack_memberships_contains_paid_content":false,"footnotes":"","jetpack_publicize_message":"","jetpack_publicize_feature_enabled":true,"jetpack_social_post_already_shared":false,"jetpack_social_options":{"image_generator_settings":{"template":"highway","default_image_id":0,"font":"","enabled":false},"version":2}},"categories":[17,18,19],"tags":[15,13,14],"class_list":["post-64","post","type-post","status-publish","format-standard","has-post-thumbnail","hentry","category-europa","category-italia","category-roteiros","tag-europa","tag-italia","tag-roteiro"],"yoast_head":"<!-- This site is optimized with the Yoast SEO plugin v27.5 - https:\/\/yoast.com\/product\/yoast-seo-wordpress\/ -->\n<title>Roteiro de viagem pela Italia - Macari Travel Blog<\/title>\n<meta name=\"description\" content=\"J\u00e1 pensou viajar e conhecer a belliss\u00edma It\u00e1lia? Ou mesmo expandir seu conhecimento sobre este lindo pa\u00eds? A Macari Travel criou um roteiro amplo e diversificado que com certeza ir\u00e1 lhe mostrar tudo e mais um pouco que a Italia tem de bom. Voc\u00ea pode fazer este roteiro por conta pr\u00f3pria ou comprar este roteiro conosco e iremos garantir a melhor experi\u00eancia, com estresse zero em todos as etapas, da compra, ao planejamento e ao retorno.\" \/>\n<meta name=\"robots\" content=\"index, follow, max-snippet:-1, max-image-preview:large, max-video-preview:-1\" \/>\n<link rel=\"canonical\" href=\"https:\/\/macaritravel.com\/blog\/viajando-pela-italia\/\" \/>\n<meta property=\"og:locale\" content=\"pt_BR\" \/>\n<meta property=\"og:type\" content=\"article\" \/>\n<meta property=\"og:title\" content=\"Roteiro de viagem pela Italia - Macari Travel Blog\" \/>\n<meta property=\"og:description\" content=\"J\u00e1 pensou viajar e conhecer a belliss\u00edma It\u00e1lia? Ou mesmo expandir seu conhecimento sobre este lindo pa\u00eds? A Macari Travel criou um roteiro amplo e diversificado que com certeza ir\u00e1 lhe mostrar tudo e mais um pouco que a Italia tem de bom. Voc\u00ea pode fazer este roteiro por conta pr\u00f3pria ou comprar este roteiro conosco e iremos garantir a melhor experi\u00eancia, com estresse zero em todos as etapas, da compra, ao planejamento e ao retorno.\" \/>\n<meta property=\"og:url\" content=\"https:\/\/macaritravel.com\/blog\/viajando-pela-italia\/\" \/>\n<meta property=\"og:site_name\" content=\"Macari Travel Blog\" \/>\n<meta property=\"article:publisher\" content=\"https:\/\/www.facebook.com\/MacariTravel\" \/>\n<meta property=\"article:author\" content=\"http:\/\/facebook.com\/macaritravel\" \/>\n<meta property=\"article:published_time\" content=\"2022-10-12T22:03:45+00:00\" \/>\n<meta property=\"article:modified_time\" content=\"2022-10-20T12:03:13+00:00\" \/>\n<meta property=\"og:image\" content=\"https:\/\/macaritravel.com\/blog\/wp-content\/uploads\/2022\/10\/italia-scaled.jpg\" \/>\n\t<meta property=\"og:image:width\" content=\"2560\" \/>\n\t<meta property=\"og:image:height\" content=\"1681\" \/>\n\t<meta property=\"og:image:type\" content=\"image\/jpeg\" \/>\n<meta name=\"author\" content=\"Macari Travel\" \/>\n<meta name=\"twitter:card\" content=\"summary_large_image\" \/>\n<meta name=\"twitter:label1\" content=\"Escrito por\" \/>\n\t<meta name=\"twitter:data1\" content=\"Macari Travel\" \/>\n\t<meta name=\"twitter:label2\" content=\"Est. tempo de leitura\" \/>\n\t<meta name=\"twitter:data2\" content=\"8 minutos\" \/>\n<script type=\"application\/ld+json\" class=\"yoast-schema-graph\">{\"@context\":\"https:\\\/\\\/schema.org\",\"@graph\":[{\"@type\":\"Article\",\"@id\":\"https:\\\/\\\/macaritravel.com\\\/blog\\\/viajando-pela-italia\\\/#article\",\"isPartOf\":{\"@id\":\"https:\\\/\\\/macaritravel.com\\\/blog\\\/viajando-pela-italia\\\/\"},\"author\":{\"name\":\"Macari Travel\",\"@id\":\"https:\\\/\\\/macaritravel.com\\\/blog\\\/#\\\/schema\\\/person\\\/e9960ec20c60bd30337fd00b82f2a928\"},\"headline\":\"Roteiro de viagem pela Italia\",\"datePublished\":\"2022-10-12T22:03:45+00:00\",\"dateModified\":\"2022-10-20T12:03:13+00:00\",\"mainEntityOfPage\":{\"@id\":\"https:\\\/\\\/macaritravel.com\\\/blog\\\/viajando-pela-italia\\\/\"},\"wordCount\":1271,\"commentCount\":0,\"publisher\":{\"@id\":\"https:\\\/\\\/macaritravel.com\\\/blog\\\/#organization\"},\"image\":{\"@id\":\"https:\\\/\\\/macaritravel.com\\\/blog\\\/viajando-pela-italia\\\/#primaryimage\"},\"thumbnailUrl\":\"https:\\\/\\\/macaritravel.com\\\/blog\\\/wp-content\\\/uploads\\\/2022\\\/10\\\/italia-scaled.jpg\",\"keywords\":[\"Europa\",\"Italia\",\"Roteiro\"],\"articleSection\":[\"Europa\",\"Italia\",\"Roteiros\"],\"inLanguage\":\"pt-BR\",\"potentialAction\":[{\"@type\":\"CommentAction\",\"name\":\"Comment\",\"target\":[\"https:\\\/\\\/macaritravel.com\\\/blog\\\/viajando-pela-italia\\\/#respond\"]}]},{\"@type\":\"WebPage\",\"@id\":\"https:\\\/\\\/macaritravel.com\\\/blog\\\/viajando-pela-italia\\\/\",\"url\":\"https:\\\/\\\/macaritravel.com\\\/blog\\\/viajando-pela-italia\\\/\",\"name\":\"Roteiro de viagem pela Italia - Macari Travel Blog\",\"isPartOf\":{\"@id\":\"https:\\\/\\\/macaritravel.com\\\/blog\\\/#website\"},\"primaryImageOfPage\":{\"@id\":\"https:\\\/\\\/macaritravel.com\\\/blog\\\/viajando-pela-italia\\\/#primaryimage\"},\"image\":{\"@id\":\"https:\\\/\\\/macaritravel.com\\\/blog\\\/viajando-pela-italia\\\/#primaryimage\"},\"thumbnailUrl\":\"https:\\\/\\\/macaritravel.com\\\/blog\\\/wp-content\\\/uploads\\\/2022\\\/10\\\/italia-scaled.jpg\",\"datePublished\":\"2022-10-12T22:03:45+00:00\",\"dateModified\":\"2022-10-20T12:03:13+00:00\",\"description\":\"J\u00e1 pensou viajar e conhecer a belliss\u00edma It\u00e1lia? Ou mesmo expandir seu conhecimento sobre este lindo pa\u00eds? A Macari Travel criou um roteiro amplo e diversificado que com certeza ir\u00e1 lhe mostrar tudo e mais um pouco que a Italia tem de bom. Voc\u00ea pode fazer este roteiro por conta pr\u00f3pria ou comprar este roteiro conosco e iremos garantir a melhor experi\u00eancia, com estresse zero em todos as etapas, da compra, ao planejamento e ao retorno.\",\"breadcrumb\":{\"@id\":\"https:\\\/\\\/macaritravel.com\\\/blog\\\/viajando-pela-italia\\\/#breadcrumb\"},\"inLanguage\":\"pt-BR\",\"potentialAction\":[{\"@type\":\"ReadAction\",\"target\":[\"https:\\\/\\\/macaritravel.com\\\/blog\\\/viajando-pela-italia\\\/\"]}]},{\"@type\":\"ImageObject\",\"inLanguage\":\"pt-BR\",\"@id\":\"https:\\\/\\\/macaritravel.com\\\/blog\\\/viajando-pela-italia\\\/#primaryimage\",\"url\":\"https:\\\/\\\/macaritravel.com\\\/blog\\\/wp-content\\\/uploads\\\/2022\\\/10\\\/italia-scaled.jpg\",\"contentUrl\":\"https:\\\/\\\/macaritravel.com\\\/blog\\\/wp-content\\\/uploads\\\/2022\\\/10\\\/italia-scaled.jpg\",\"width\":2560,\"height\":1681},{\"@type\":\"BreadcrumbList\",\"@id\":\"https:\\\/\\\/macaritravel.com\\\/blog\\\/viajando-pela-italia\\\/#breadcrumb\",\"itemListElement\":[{\"@type\":\"ListItem\",\"position\":1,\"name\":\"In\u00edcio\",\"item\":\"https:\\\/\\\/macaritravel.com\\\/blog\\\/\"},{\"@type\":\"ListItem\",\"position\":2,\"name\":\"Roteiro de viagem pela Italia\"}]},{\"@type\":\"WebSite\",\"@id\":\"https:\\\/\\\/macaritravel.com\\\/blog\\\/#website\",\"url\":\"https:\\\/\\\/macaritravel.com\\\/blog\\\/\",\"name\":\"Blog da Macari Travel\",\"description\":\"Blog Oficial da Macari Travel\",\"publisher\":{\"@id\":\"https:\\\/\\\/macaritravel.com\\\/blog\\\/#organization\"},\"potentialAction\":[{\"@type\":\"SearchAction\",\"target\":{\"@type\":\"EntryPoint\",\"urlTemplate\":\"https:\\\/\\\/macaritravel.com\\\/blog\\\/?s={search_term_string}\"},\"query-input\":{\"@type\":\"PropertyValueSpecification\",\"valueRequired\":true,\"valueName\":\"search_term_string\"}}],\"inLanguage\":\"pt-BR\"},{\"@type\":\"Organization\",\"@id\":\"https:\\\/\\\/macaritravel.com\\\/blog\\\/#organization\",\"name\":\"Macari Travel\",\"url\":\"https:\\\/\\\/macaritravel.com\\\/blog\\\/\",\"logo\":{\"@type\":\"ImageObject\",\"inLanguage\":\"pt-BR\",\"@id\":\"https:\\\/\\\/macaritravel.com\\\/blog\\\/#\\\/schema\\\/logo\\\/image\\\/\",\"url\":\"https:\\\/\\\/macaritravel.com\\\/blog\\\/wp-content\\\/uploads\\\/2022\\\/10\\\/Logo-MT-Oficial.png\",\"contentUrl\":\"https:\\\/\\\/macaritravel.com\\\/blog\\\/wp-content\\\/uploads\\\/2022\\\/10\\\/Logo-MT-Oficial.png\",\"width\":1350,\"height\":600,\"caption\":\"Macari Travel\"},\"image\":{\"@id\":\"https:\\\/\\\/macaritravel.com\\\/blog\\\/#\\\/schema\\\/logo\\\/image\\\/\"},\"sameAs\":[\"https:\\\/\\\/www.facebook.com\\\/MacariTravel\",\"https:\\\/\\\/www.instagram.com\\\/macari_travel\\\/\"]},{\"@type\":\"Person\",\"@id\":\"https:\\\/\\\/macaritravel.com\\\/blog\\\/#\\\/schema\\\/person\\\/e9960ec20c60bd30337fd00b82f2a928\",\"name\":\"Macari Travel\",\"image\":{\"@type\":\"ImageObject\",\"inLanguage\":\"pt-BR\",\"@id\":\"https:\\\/\\\/macaritravel.com\\\/blog\\\/wp-content\\\/uploads\\\/2024\\\/04\\\/Logo-redondo-com-fundo-branco-maior-150x150.png\",\"url\":\"https:\\\/\\\/macaritravel.com\\\/blog\\\/wp-content\\\/uploads\\\/2024\\\/04\\\/Logo-redondo-com-fundo-branco-maior-150x150.png\",\"contentUrl\":\"https:\\\/\\\/macaritravel.com\\\/blog\\\/wp-content\\\/uploads\\\/2024\\\/04\\\/Logo-redondo-com-fundo-branco-maior-150x150.png\",\"caption\":\"Macari Travel\"},\"description\":\"Dispomos de consultores com uma m\u00e9dia de 20 anos de experi\u00eancia e paix\u00e3o por viagens, que ir\u00e3o trabalhar os detalhes e criar f\u00e9rias inesquec\u00edveis.\",\"sameAs\":[\"https:\\\/\\\/macaritravel.com\\\/blog\",\"http:\\\/\\\/facebook.com\\\/macaritravel\",\"http:\\\/\\\/instagram.com\\\/macari_travel\"],\"url\":\"https:\\\/\\\/macaritravel.com\\\/blog\\\/author\\\/macari\\\/\"}]}<\/script>\n<!-- \/ Yoast SEO plugin. -->","yoast_head_json":{"title":"Roteiro de viagem pela Italia - Macari Travel Blog","description":"J\u00e1 pensou viajar e conhecer a belliss\u00edma It\u00e1lia? Ou mesmo expandir seu conhecimento sobre este lindo pa\u00eds? A Macari Travel criou um roteiro amplo e diversificado que com certeza ir\u00e1 lhe mostrar tudo e mais um pouco que a Italia tem de bom. Voc\u00ea pode fazer este roteiro por conta pr\u00f3pria ou comprar este roteiro conosco e iremos garantir a melhor experi\u00eancia, com estresse zero em todos as etapas, da compra, ao planejamento e ao retorno.","robots":{"index":"index","follow":"follow","max-snippet":"max-snippet:-1","max-image-preview":"max-image-preview:large","max-video-preview":"max-video-preview:-1"},"canonical":"https:\/\/macaritravel.com\/blog\/viajando-pela-italia\/","og_locale":"pt_BR","og_type":"article","og_title":"Roteiro de viagem pela Italia - Macari Travel Blog","og_description":"J\u00e1 pensou viajar e conhecer a belliss\u00edma It\u00e1lia? Ou mesmo expandir seu conhecimento sobre este lindo pa\u00eds? A Macari Travel criou um roteiro amplo e diversificado que com certeza ir\u00e1 lhe mostrar tudo e mais um pouco que a Italia tem de bom. Voc\u00ea pode fazer este roteiro por conta pr\u00f3pria ou comprar este roteiro conosco e iremos garantir a melhor experi\u00eancia, com estresse zero em todos as etapas, da compra, ao planejamento e ao retorno.","og_url":"https:\/\/macaritravel.com\/blog\/viajando-pela-italia\/","og_site_name":"Macari Travel Blog","article_publisher":"https:\/\/www.facebook.com\/MacariTravel","article_author":"http:\/\/facebook.com\/macaritravel","article_published_time":"2022-10-12T22:03:45+00:00","article_modified_time":"2022-10-20T12:03:13+00:00","og_image":[{"width":2560,"height":1681,"url":"https:\/\/macaritravel.com\/blog\/wp-content\/uploads\/2022\/10\/italia-scaled.jpg","type":"image\/jpeg"}],"author":"Macari Travel","twitter_card":"summary_large_image","twitter_misc":{"Escrito por":"Macari Travel","Est. tempo de leitura":"8 minutos"},"schema":{"@context":"https:\/\/schema.org","@graph":[{"@type":"Article","@id":"https:\/\/macaritravel.com\/blog\/viajando-pela-italia\/#article","isPartOf":{"@id":"https:\/\/macaritravel.com\/blog\/viajando-pela-italia\/"},"author":{"name":"Macari Travel","@id":"https:\/\/macaritravel.com\/blog\/#\/schema\/person\/e9960ec20c60bd30337fd00b82f2a928"},"headline":"Roteiro de viagem pela Italia","datePublished":"2022-10-12T22:03:45+00:00","dateModified":"2022-10-20T12:03:13+00:00","mainEntityOfPage":{"@id":"https:\/\/macaritravel.com\/blog\/viajando-pela-italia\/"},"wordCount":1271,"commentCount":0,"publisher":{"@id":"https:\/\/macaritravel.com\/blog\/#organization"},"image":{"@id":"https:\/\/macaritravel.com\/blog\/viajando-pela-italia\/#primaryimage"},"thumbnailUrl":"https:\/\/macaritravel.com\/blog\/wp-content\/uploads\/2022\/10\/italia-scaled.jpg","keywords":["Europa","Italia","Roteiro"],"articleSection":["Europa","Italia","Roteiros"],"inLanguage":"pt-BR","potentialAction":[{"@type":"CommentAction","name":"Comment","target":["https:\/\/macaritravel.com\/blog\/viajando-pela-italia\/#respond"]}]},{"@type":"WebPage","@id":"https:\/\/macaritravel.com\/blog\/viajando-pela-italia\/","url":"https:\/\/macaritravel.com\/blog\/viajando-pela-italia\/","name":"Roteiro de viagem pela Italia - Macari Travel Blog","isPartOf":{"@id":"https:\/\/macaritravel.com\/blog\/#website"},"primaryImageOfPage":{"@id":"https:\/\/macaritravel.com\/blog\/viajando-pela-italia\/#primaryimage"},"image":{"@id":"https:\/\/macaritravel.com\/blog\/viajando-pela-italia\/#primaryimage"},"thumbnailUrl":"https:\/\/macaritravel.com\/blog\/wp-content\/uploads\/2022\/10\/italia-scaled.jpg","datePublished":"2022-10-12T22:03:45+00:00","dateModified":"2022-10-20T12:03:13+00:00","description":"J\u00e1 pensou viajar e conhecer a belliss\u00edma It\u00e1lia? Ou mesmo expandir seu conhecimento sobre este lindo pa\u00eds? A Macari Travel criou um roteiro amplo e diversificado que com certeza ir\u00e1 lhe mostrar tudo e mais um pouco que a Italia tem de bom. Voc\u00ea pode fazer este roteiro por conta pr\u00f3pria ou comprar este roteiro conosco e iremos garantir a melhor experi\u00eancia, com estresse zero em todos as etapas, da compra, ao planejamento e ao retorno.","breadcrumb":{"@id":"https:\/\/macaritravel.com\/blog\/viajando-pela-italia\/#breadcrumb"},"inLanguage":"pt-BR","potentialAction":[{"@type":"ReadAction","target":["https:\/\/macaritravel.com\/blog\/viajando-pela-italia\/"]}]},{"@type":"ImageObject","inLanguage":"pt-BR","@id":"https:\/\/macaritravel.com\/blog\/viajando-pela-italia\/#primaryimage","url":"https:\/\/macaritravel.com\/blog\/wp-content\/uploads\/2022\/10\/italia-scaled.jpg","contentUrl":"https:\/\/macaritravel.com\/blog\/wp-content\/uploads\/2022\/10\/italia-scaled.jpg","width":2560,"height":1681},{"@type":"BreadcrumbList","@id":"https:\/\/macaritravel.com\/blog\/viajando-pela-italia\/#breadcrumb","itemListElement":[{"@type":"ListItem","position":1,"name":"In\u00edcio","item":"https:\/\/macaritravel.com\/blog\/"},{"@type":"ListItem","position":2,"name":"Roteiro de viagem pela Italia"}]},{"@type":"WebSite","@id":"https:\/\/macaritravel.com\/blog\/#website","url":"https:\/\/macaritravel.com\/blog\/","name":"Blog da Macari Travel","description":"Blog Oficial da Macari Travel","publisher":{"@id":"https:\/\/macaritravel.com\/blog\/#organization"},"potentialAction":[{"@type":"SearchAction","target":{"@type":"EntryPoint","urlTemplate":"https:\/\/macaritravel.com\/blog\/?s={search_term_string}"},"query-input":{"@type":"PropertyValueSpecification","valueRequired":true,"valueName":"search_term_string"}}],"inLanguage":"pt-BR"},{"@type":"Organization","@id":"https:\/\/macaritravel.com\/blog\/#organization","name":"Macari Travel","url":"https:\/\/macaritravel.com\/blog\/","logo":{"@type":"ImageObject","inLanguage":"pt-BR","@id":"https:\/\/macaritravel.com\/blog\/#\/schema\/logo\/image\/","url":"https:\/\/macaritravel.com\/blog\/wp-content\/uploads\/2022\/10\/Logo-MT-Oficial.png","contentUrl":"https:\/\/macaritravel.com\/blog\/wp-content\/uploads\/2022\/10\/Logo-MT-Oficial.png","width":1350,"height":600,"caption":"Macari Travel"},"image":{"@id":"https:\/\/macaritravel.com\/blog\/#\/schema\/logo\/image\/"},"sameAs":["https:\/\/www.facebook.com\/MacariTravel","https:\/\/www.instagram.com\/macari_travel\/"]},{"@type":"Person","@id":"https:\/\/macaritravel.com\/blog\/#\/schema\/person\/e9960ec20c60bd30337fd00b82f2a928","name":"Macari Travel","image":{"@type":"ImageObject","inLanguage":"pt-BR","@id":"https:\/\/macaritravel.com\/blog\/wp-content\/uploads\/2024\/04\/Logo-redondo-com-fundo-branco-maior-150x150.png","url":"https:\/\/macaritravel.com\/blog\/wp-content\/uploads\/2024\/04\/Logo-redondo-com-fundo-branco-maior-150x150.png","contentUrl":"https:\/\/macaritravel.com\/blog\/wp-content\/uploads\/2024\/04\/Logo-redondo-com-fundo-branco-maior-150x150.png","caption":"Macari Travel"},"description":"Dispomos de consultores com uma m\u00e9dia de 20 anos de experi\u00eancia e paix\u00e3o por viagens, que ir\u00e3o trabalhar os detalhes e criar f\u00e9rias inesquec\u00edveis.","sameAs":["https:\/\/macaritravel.com\/blog","http:\/\/facebook.com\/macaritravel","http:\/\/instagram.com\/macari_travel"],"url":"https:\/\/macaritravel.com\/blog\/author\/macari\/"}]}},"jetpack_publicize_connections":[],"jetpack_featured_media_url":"https:\/\/macaritravel.com\/blog\/wp-content\/uploads\/2022\/10\/italia-scaled.jpg","jetpack_sharing_enabled":true,"_links":{"self":[{"href":"https:\/\/macaritravel.com\/blog\/wp-json\/wp\/v2\/posts\/64","targetHints":{"allow":["GET"]}}],"collection":[{"href":"https:\/\/macaritravel.com\/blog\/wp-json\/wp\/v2\/posts"}],"about":[{"href":"https:\/\/macaritravel.com\/blog\/wp-json\/wp\/v2\/types\/post"}],"author":[{"embeddable":true,"href":"https:\/\/macaritravel.com\/blog\/wp-json\/wp\/v2\/users\/1"}],"replies":[{"embeddable":true,"href":"https:\/\/macaritravel.com\/blog\/wp-json\/wp\/v2\/comments?post=64"}],"version-history":[{"count":0,"href":"https:\/\/macaritravel.com\/blog\/wp-json\/wp\/v2\/posts\/64\/revisions"}],"wp:featuredmedia":[{"embeddable":true,"href":"https:\/\/macaritravel.com\/blog\/wp-json\/wp\/v2\/media\/65"}],"wp:attachment":[{"href":"https:\/\/macaritravel.com\/blog\/wp-json\/wp\/v2\/media?parent=64"}],"wp:term":[{"taxonomy":"category","embeddable":true,"href":"https:\/\/macaritravel.com\/blog\/wp-json\/wp\/v2\/categories?post=64"},{"taxonomy":"post_tag","embeddable":true,"href":"https:\/\/macaritravel.com\/blog\/wp-json\/wp\/v2\/tags?post=64"}],"curies":[{"name":"wp","href":"https:\/\/api.w.org\/{rel}","templated":true}]}}