{"id":936,"date":"2022-10-24T11:55:09","date_gmt":"2022-10-24T11:55:09","guid":{"rendered":"https:\/\/macaritravel.com\/blog\/?p=936"},"modified":"2022-10-26T15:32:13","modified_gmt":"2022-10-26T15:32:13","slug":"o-que-fazer-em-portugal","status":"publish","type":"post","link":"https:\/\/macaritravel.com\/blog\/o-que-fazer-em-portugal\/","title":{"rendered":"O que fazer em Portugal?"},"content":{"rendered":"\n<p>Os especialistas da Macari Travel em conjunto com a Cativa Operadora criaram uma sugest\u00e3o de roteiro para que <strong>sua viagem a Portugal seja \u00edncrivel<\/strong>. <\/p>\n\n\n\n<p>Descubra nesta viagem dos sonhos as Maravilhas de Portugal e encante-se com as constru\u00e7\u00f5es seculares dos castelos, pal\u00e1cios, mosteiros e monumentos, al\u00e9m de uma maravilhosa gastronomia e bons vinhos.<\/p>\n\n\n\n<p>Voc\u00ea pode contratar este roteiro, com guia, <strong>diretamente<\/strong> com a Macari Travel ou at\u00e9 mesmo fazer por sua conta. Mas lembramos que ser\u00e1 necess\u00e1rio algumas prepara\u00e7\u00f5es, tais como <a href=\"https:\/\/macaritravel.com\/br\/aluguel-de-veiculos\/\" target=\"_blank\" rel=\"noreferrer noopener\">aluguel de um carro<\/a>, <strong><a href=\"https:\/\/macaritravel.com\/blog\/por-que-contratar-um-seguro-viagem-para-europa\/\" target=\"_blank\" rel=\"noreferrer noopener\">seguro viagem obrigat\u00f3rio<\/a><\/strong>, passaporte v\u00e1lido por pelo menos seis meses antes da entrada em Portugal e a hospedagem necess\u00e1ria (obrigat\u00f3rio para turistas) para os dias da viagem.<\/p>\n\n\n\n<figure class=\"wp-block-image size-full\"><a href=\"https:\/\/www.agentcars.com\/subsite\/pt?agency=macari-travel\" target=\"_blank\" rel=\"noreferrer noopener\"><img decoding=\"async\" width=\"850\" height=\"125\" data-src=\"https:\/\/macaritravel.com\/blog\/wp-content\/uploads\/2022\/10\/imagemrental.jpeg\" alt=\"\" class=\"wp-image-556 lazyload\" data-srcset=\"https:\/\/macaritravel.com\/blog\/wp-content\/uploads\/2022\/10\/imagemrental.jpeg 850w, https:\/\/macaritravel.com\/blog\/wp-content\/uploads\/2022\/10\/imagemrental-300x44.jpeg 300w, https:\/\/macaritravel.com\/blog\/wp-content\/uploads\/2022\/10\/imagemrental-768x113.jpeg 768w\" data-sizes=\"(max-width: 850px) 100vw, 850px\" src=\"data:image\/svg+xml;base64,PHN2ZyB3aWR0aD0iMSIgaGVpZ2h0PSIxIiB4bWxucz0iaHR0cDovL3d3dy53My5vcmcvMjAwMC9zdmciPjwvc3ZnPg==\" style=\"--smush-placeholder-width: 850px; --smush-placeholder-aspect-ratio: 850\/125;\" \/><\/a><\/figure>\n\n\n\n<p>Confira nossa sugest\u00e3o de roteiro para Portugal (11 dias)<\/p>\n\n\n\n<p><strong>1\u00ba dia &#8211; Brasil \/ Lisboa<\/strong><br>Apresenta\u00e7\u00e3o no aeroporto da cidade de origem (com no m\u00ednimo 3 horas de anteced\u00eancia). Embarque em voo com destino a Lisboa. Noite a bordo.<br><br><strong>2\u00ba dia &#8211; Lisboa<\/strong><\/p>\n\n\n\n<figure class=\"wp-block-image size-full\"><img decoding=\"async\" width=\"1880\" height=\"1253\" data-src=\"https:\/\/macaritravel.com\/blog\/wp-content\/uploads\/2022\/10\/pexels-photo-12525751.jpeg\" alt=\"people walking near the praca do comercio plaza\" class=\"wp-image-940 lazyload\" data-srcset=\"https:\/\/macaritravel.com\/blog\/wp-content\/uploads\/2022\/10\/pexels-photo-12525751.jpeg 1880w, https:\/\/macaritravel.com\/blog\/wp-content\/uploads\/2022\/10\/pexels-photo-12525751-300x200.jpeg 300w, https:\/\/macaritravel.com\/blog\/wp-content\/uploads\/2022\/10\/pexels-photo-12525751-1024x682.jpeg 1024w, https:\/\/macaritravel.com\/blog\/wp-content\/uploads\/2022\/10\/pexels-photo-12525751-768x512.jpeg 768w, https:\/\/macaritravel.com\/blog\/wp-content\/uploads\/2022\/10\/pexels-photo-12525751-1536x1024.jpeg 1536w, https:\/\/macaritravel.com\/blog\/wp-content\/uploads\/2022\/10\/pexels-photo-12525751-1200x800.jpeg 1200w\" data-sizes=\"(max-width: 1880px) 100vw, 1880px\" src=\"data:image\/svg+xml;base64,PHN2ZyB3aWR0aD0iMSIgaGVpZ2h0PSIxIiB4bWxucz0iaHR0cDovL3d3dy53My5vcmcvMjAwMC9zdmciPjwvc3ZnPg==\" style=\"--smush-placeholder-width: 1880px; --smush-placeholder-aspect-ratio: 1880\/1253;\" \/><figcaption>Pra\u00e7a do Com\u00e9rcio em Lisboa<\/figcaption><\/figure>\n\n\n\n<p>Chegada ao aeroporto de Lisboa e traslado ao hotel, restante do dia livre. Alojamento.&nbsp;<br><br><strong>3\u00ba dia &#8211; Lisboa \/ Sintra \/ Cascais \/ Estoril \/ Lisboa<\/strong><br>Caf\u00e9 da manh\u00e3. Sa\u00edda para realizar&nbsp;<strong><a href=\"https:\/\/www.civitatis.com\/br\/lisboa\/onibus-turistico-lisboa\/?ag_aid=42169\" target=\"_blank\" rel=\"noreferrer noopener\">visita panor\u00e2mica<\/a><\/strong>&nbsp;da capital de Portugal, conhecendo o exterior dos principais pontos tur\u00edsticos da cidade como a Torre de Bel\u00e9m, Mosteiro dos Jer\u00f4nimos com tempo para degustar os famosos past\u00e9is de Bel\u00e9m (opcional). Sa\u00edda para <a href=\"https:\/\/www.civitatis.com\/br\/lisboa\/excursao-sintra-cascais-estoril\/?ag_aid=42169\" target=\"_blank\" rel=\"noreferrer noopener\">Sintra<\/a>. Tempo para usufruir desta tradicional vila Patrim\u00f3nio da Humanidade. Logo ap\u00f3s continuaremos a viagem fazendo uma panor\u00e2mica da Costa do Sol por <a href=\"https:\/\/www.civitatis.com\/br\/lisboa\/excursao-sintra-cascais-estoril\/?ag_aid=42169\" target=\"_blank\" rel=\"noreferrer noopener\">Cascais<\/a> e Estoril, regressando pela Riviera portuguesa a Lisboa.&nbsp; Hospedagem.<br><br><strong>4\u00ba dia &#8211; Lisboa \/ \u00d3bidos \/ Nazar\u00e9 \/ Batalha \/ Aveiro \/ Braga<\/strong>&nbsp;<\/p>\n\n\n\n<figure class=\"wp-block-image size-large\"><img decoding=\"async\" width=\"1024\" height=\"685\" data-src=\"https:\/\/macaritravel.com\/blog\/wp-content\/uploads\/2022\/10\/mosteiro-da-batalha-portugal-1024x685.jpg\" alt=\"\" class=\"wp-image-942 lazyload\" data-srcset=\"https:\/\/macaritravel.com\/blog\/wp-content\/uploads\/2022\/10\/mosteiro-da-batalha-portugal-1024x685.jpg 1024w, https:\/\/macaritravel.com\/blog\/wp-content\/uploads\/2022\/10\/mosteiro-da-batalha-portugal-300x201.jpg 300w, https:\/\/macaritravel.com\/blog\/wp-content\/uploads\/2022\/10\/mosteiro-da-batalha-portugal-768x514.jpg 768w, https:\/\/macaritravel.com\/blog\/wp-content\/uploads\/2022\/10\/mosteiro-da-batalha-portugal-1536x1028.jpg 1536w, https:\/\/macaritravel.com\/blog\/wp-content\/uploads\/2022\/10\/mosteiro-da-batalha-portugal.jpg 1666w\" data-sizes=\"(max-width: 1024px) 100vw, 1024px\" src=\"data:image\/svg+xml;base64,PHN2ZyB3aWR0aD0iMSIgaGVpZ2h0PSIxIiB4bWxucz0iaHR0cDovL3d3dy53My5vcmcvMjAwMC9zdmciPjwvc3ZnPg==\" style=\"--smush-placeholder-width: 1024px; --smush-placeholder-aspect-ratio: 1024\/685;\" \/><figcaption>Mosteiro da Batalha<\/figcaption><\/figure>\n\n\n\n<p>Caf\u00e9 da manh\u00e3. Sa\u00edda para visita a&nbsp;<strong><a href=\"https:\/\/www.civitatis.com\/br\/lisboa\/excursao-obidos-fatima\/?ag_aid=42169\" target=\"_blank\" rel=\"noreferrer noopener\">\u00d3BIDOS<\/a><\/strong>, encantadora vila medieval amuralhada. Continua\u00e7\u00e3o para a t\u00edpica vila dos pescadores de&nbsp;<strong><a href=\"https:\/\/www.civitatis.com\/br\/lisboa\/excursao-obidos-fatima\/?ag_aid=42169\" target=\"_blank\" rel=\"noreferrer noopener\">NAZAR\u00c9<\/a><\/strong>. Parada para visitar a Igreja, Ermida e Miradouro continuando em seguida para Batalha com&nbsp;<strong>visita ao Mosteiro de Santa Maria da Vit\u00f3ria<\/strong>. Logo ap\u00f3s, sa\u00edda para&nbsp;<strong><a href=\"https:\/\/www.civitatis.com\/br\/aveiro\/tour-privado-aveiro\/?ag_aid=42169\" target=\"_blank\" rel=\"noreferrer noopener\">AVEIRO<\/a><\/strong>, a fant\u00e1stica cidade dos canais e dos deliciosos \u201covos-moles\u201d, apreciado o doce regional. Continua\u00e7\u00e3o para a cidade dos arcebispos e capital do Minho:&nbsp;<strong><a href=\"https:\/\/www.civitatis.com\/br\/braga\/tour-privado-braga\/?ag_aid=42169\" target=\"_blank\" rel=\"noreferrer noopener\">BRAGA<\/a><\/strong>. Hospedagem.<br><br><strong>5\u00ba dia &#8211; Braga \/ Santiago de Compostela \/ Viana do castelo \/ Braga<\/strong><\/p>\n\n\n\n<figure class=\"wp-block-image size-large\"><img decoding=\"async\" width=\"1024\" height=\"683\" data-src=\"https:\/\/macaritravel.com\/blog\/wp-content\/uploads\/2022\/10\/viana-do-castelo-1024x683.jpg\" alt=\"\" class=\"wp-image-943 lazyload\" data-srcset=\"https:\/\/macaritravel.com\/blog\/wp-content\/uploads\/2022\/10\/viana-do-castelo-1024x683.jpg 1024w, https:\/\/macaritravel.com\/blog\/wp-content\/uploads\/2022\/10\/viana-do-castelo-300x200.jpg 300w, https:\/\/macaritravel.com\/blog\/wp-content\/uploads\/2022\/10\/viana-do-castelo-768x512.jpg 768w, https:\/\/macaritravel.com\/blog\/wp-content\/uploads\/2022\/10\/viana-do-castelo-1200x800.jpg 1200w, https:\/\/macaritravel.com\/blog\/wp-content\/uploads\/2022\/10\/viana-do-castelo.jpg 1300w\" data-sizes=\"(max-width: 1024px) 100vw, 1024px\" src=\"data:image\/svg+xml;base64,PHN2ZyB3aWR0aD0iMSIgaGVpZ2h0PSIxIiB4bWxucz0iaHR0cDovL3d3dy53My5vcmcvMjAwMC9zdmciPjwvc3ZnPg==\" style=\"--smush-placeholder-width: 1024px; --smush-placeholder-aspect-ratio: 1024\/683;\" \/><figcaption>Vista do Santu\u00e1rio de Santa Luzia em Viana do Castelo<\/figcaption><\/figure>\n\n\n\n<p>Caf\u00e9 da manh\u00e3. Sa\u00edda com destino a <a href=\"https:\/\/www.civitatis.com\/br\/santiago-de-compostela\/tour-privado-santiago\/?ag_aid=42169\" target=\"_blank\" rel=\"noreferrer noopener\">Santiago de Compostela<\/a>. Visita com guia local ao centro hist\u00f3rico, tur\u00edstico e religioso, com destaque para a Catedral, onde ocorrem diariamente in\u00fameros peregrinos vindos dos famosos \u201cCaminhos de Santiago\u201d. Este grandioso monumento ergue-se na Pra\u00e7a da Obradoiro, lugar de encontro de todos os que aqui chegam. Sa\u00edda para <strong>Viana do Castelo<\/strong>. Tempo para visita e compras no com\u00e9rcio tradicional. Regresso a Braga. Hospedagem.<br><br><strong>6\u00ba dia&nbsp; &#8211; Braga \/ Guimar\u00e3es \/ Porto<\/strong><br>Caf\u00e9 da manh\u00e3. Sa\u00edda para visita panor\u00e2mica da cidade com destaque para o exterior da Catedral, mais antiga de Portugal e visita ao Santu\u00e1rios do Bom Jesus. Continua\u00e7\u00e3o para <a href=\"https:\/\/www.civitatis.com\/br\/braga\/tour-braga-guimaraes\/?ag_aid=42169\" target=\"_blank\" rel=\"noreferrer noopener\">Guimar\u00e3es<\/a>, cidade ber\u00e7o da nacionalidade portuguesa. Visita ao interior no Pa\u00e7o dos Duques de Bragan\u00e7a seguida de visita a p\u00e9 no centro hist\u00f3rico da cidade, onde poder\u00e1 admirar as suas velhas muralhas, ruas estreitas, casas palacianas, foto do exterior do Castelo e a est\u00e1tua do Fundador D. Afonso Henriques. Tempo para compras. Partida para Vila Nova de Gaia para visita a uma das caves com degusta\u00e7\u00e3o do famoso Vinho do Porto. Continua\u00e7\u00e3o para o Porto. Hospedagem.<br><br><strong>7\u00ba dia &#8211; Porto<\/strong>&nbsp;<\/p>\n\n\n\n<figure class=\"wp-block-image size-large\"><img decoding=\"async\" width=\"1024\" height=\"683\" data-src=\"https:\/\/macaritravel.com\/blog\/wp-content\/uploads\/2022\/10\/porto-1024x683.jpg\" alt=\"\" class=\"wp-image-944 lazyload\" data-srcset=\"https:\/\/macaritravel.com\/blog\/wp-content\/uploads\/2022\/10\/porto-1024x683.jpg 1024w, https:\/\/macaritravel.com\/blog\/wp-content\/uploads\/2022\/10\/porto-300x200.jpg 300w, https:\/\/macaritravel.com\/blog\/wp-content\/uploads\/2022\/10\/porto-768x512.jpg 768w, https:\/\/macaritravel.com\/blog\/wp-content\/uploads\/2022\/10\/porto-1536x1024.jpg 1536w, https:\/\/macaritravel.com\/blog\/wp-content\/uploads\/2022\/10\/porto-2048x1366.jpg 2048w, https:\/\/macaritravel.com\/blog\/wp-content\/uploads\/2022\/10\/porto-1200x800.jpg 1200w\" data-sizes=\"(max-width: 1024px) 100vw, 1024px\" src=\"data:image\/svg+xml;base64,PHN2ZyB3aWR0aD0iMSIgaGVpZ2h0PSIxIiB4bWxucz0iaHR0cDovL3d3dy53My5vcmcvMjAwMC9zdmciPjwvc3ZnPg==\" style=\"--smush-placeholder-width: 1024px; --smush-placeholder-aspect-ratio: 1024\/683;\" \/><figcaption>Visto do Rio Douro no Porto<\/figcaption><\/figure>\n\n\n\n<p>Caf\u00e9 da manh\u00e3. <a href=\"https:\/\/www.civitatis.com\/br\/porto\/tour-porto\/?ag_aid=42169\">Panor\u00e2mica da segunda maior cidade de Portugal<\/a>, passando pela Pra\u00e7a da Liberdade onde se situa a est\u00e1tua de D. Pedro IV de Portugal (D. Pedro I no Brasil), pelo Castelo do Queijo e Ribeira, incluindo a visita ao Pal\u00e1cio da Bolsa com o seu magn\u00edfico Sal\u00e3o \u00c1rabe e Passeio de Barco pelo rio Douro, admirando os bairros t\u00edpicos e n\u00facleo hist\u00f3rico que foi declarado Patrim\u00f4nio da Humanidade pela Unesco. Tarde livre na cidade para visitas ou compras e atividades pessoais. Hospedagem.<br><br><strong>8\u00ba dia &#8211; Porto \/ Coimbra \/ F\u00e1tima<\/strong><br>Caf\u00e9 da manh\u00e3. Sa\u00edda para a hist\u00f3rica e monumental&nbsp;<strong><a href=\"https:\/\/www.civitatis.com\/br\/coimbra\/onibus-barco-turistico-coimbra\/?ag_aid=42169\" target=\"_blank\" rel=\"noreferrer noopener\">COIMBRA<\/a><\/strong>&nbsp;de muitas tradi\u00e7\u00f5es, principalmente ligadas aos estudantes da antiga e prestigiada Universidade. Panor\u00e2mica da cidade e visita a Reitoria e Biblioteca. Tempo no centro da cidade. Continua\u00e7\u00e3o para <strong><a href=\"https:\/\/www.civitatis.com\/br\/fatima\/tour-fatima\/?ag_aid=42169\" target=\"_blank\" rel=\"noreferrer noopener\">F\u00e1tima<\/a><\/strong>, local das apari\u00e7\u00f5es em 1917 de Nossa Senhora aos Tr\u00eas Pastorzinhos, hoje local de peregrina\u00e7\u00e3o mundial. Visita ao Santu\u00e1rio \u00e0 Capelinha das Apari\u00e7\u00f5es e \u00e0 Bas\u00edlica, onde se encontram os t\u00famulos de L\u00facia, Francisco e Jacinta. Tempo para compromissos religiosos e compras. Hospedagem.<\/p>\n\n\n\n<p><br><strong>9\u00ba dia &#8211; F\u00e1tima \/ Tomar \/ Evora \/ Lisboa<\/strong><\/p>\n\n\n\n<figure class=\"wp-block-image size-full\"><img decoding=\"async\" width=\"950\" height=\"633\" data-src=\"https:\/\/macaritravel.com\/blog\/wp-content\/uploads\/2022\/10\/Santuario-de-Fatima.jpg\" alt=\"\" class=\"wp-image-945 lazyload\" data-srcset=\"https:\/\/macaritravel.com\/blog\/wp-content\/uploads\/2022\/10\/Santuario-de-Fatima.jpg 950w, https:\/\/macaritravel.com\/blog\/wp-content\/uploads\/2022\/10\/Santuario-de-Fatima-300x200.jpg 300w, https:\/\/macaritravel.com\/blog\/wp-content\/uploads\/2022\/10\/Santuario-de-Fatima-768x512.jpg 768w\" data-sizes=\"(max-width: 950px) 100vw, 950px\" src=\"data:image\/svg+xml;base64,PHN2ZyB3aWR0aD0iMSIgaGVpZ2h0PSIxIiB4bWxucz0iaHR0cDovL3d3dy53My5vcmcvMjAwMC9zdmciPjwvc3ZnPg==\" style=\"--smush-placeholder-width: 950px; --smush-placeholder-aspect-ratio: 950\/633;\" \/><figcaption>Santu\u00e1rio de F\u00e1tima<\/figcaption><\/figure>\n\n\n\n<p><br>Caf\u00e9 da manh\u00e3. Sa\u00edda para&nbsp;<strong><a href=\"https:\/\/www.civitatis.com\/br\/fatima\/tour-aljustrel-valinhos-ourem\/?ag_aid=42169\" target=\"_blank\" rel=\"noreferrer noopener\">TOMAR<\/a><\/strong>&nbsp;para visitar o Convento de Cristo, uma j\u00f3ia arquitet\u00f4nica \u00fanica. Continuaremos a viagem para&nbsp;<strong><a href=\"https:\/\/www.civitatis.com\/br\/evora\/tour-privado-evora\/?ag_aid=42169\" target=\"_blank\" rel=\"noreferrer noopener\">\u00c9VORA<\/a><\/strong>, cidade hist\u00f3rica Patrim\u00f4nio da Humanidade. Almo\u00e7o livre. Visita a Pra\u00e7a do Giraldo, Templo Romano de Diana, Igreja de S\u00e3o Francisco, Capela dos Ossos e a parte medieval da cidade. Continua\u00e7\u00e3o da viagem para Lisboa. Hospedagem.<br><br><strong>10\u00ba dia &#8211; Lisboa<\/strong>&nbsp;<br>Caf\u00e9 da manh\u00e3. Dia livre para compras e <a href=\"https:\/\/www.civitatis.com\/br\/lisboa\/?ag_aid=42169\" target=\"_blank\" rel=\"noreferrer noopener\">visitas na cidade<\/a>.<br><br><strong>11\u00ba dia &#8211; Lisboa \/ Brasil<\/strong><br>Caf\u00e9 da manh\u00e3 e traslado para o aeroporto para o seu voo de regresso ao Brasil. <\/p>\n\n\n\n<p>Gostou da nossa sugest\u00e3o de roteiro para Portugal? Reserve agora mesmo! <br>Quer fazer alguma sugest\u00e3o? Deixe nos coment\u00e1rios ou entre em <a href=\"https:\/\/macaritravel.com\/br\/contatos\/\" target=\"_blank\" rel=\"noreferrer noopener\">contato<\/a>.<\/p>\n\n\n\n<div class=\"ictab-main-container-wrap ictab-clearfix ictab-bgsection-custom\" id=\"ictab-random-724994617\" style=\"width:;height:;\">\r\n    <div class=\"ictab-available-template-wrap ictab-template3\">\r\n          <div class=\"ictab-inner-wrapper ictab-bgcolor-wrap ictab-parallax-enabled ictab-parallax-for-videos-fixes\"  style=\"background-color:#dd9933\">   \r\n                            <div class=\"ictab-common-overlay\"><\/div>\r\n                                    <div class=\"ictab-single-content-wrapper\">\r\n<div class=\"ictab-content-wrap-section\">\r\n <div class=\"ictab-header-text-wrap wow animated fadeInRight\">\r\n <h3>Macari Travel <\/h3>\r\n<\/div>\r\n\r\n <div class=\"ictab-description-content-wrap wow animated fadeInUp\">\r\n  Viagens incr\u00edveis? Somos especialistas!<\/div>\r\n <div class=\"ictab-ctabbutton-wrap\">\r\n <div class=\"ictab-btn-wrap ictab-button-wrap  wow animated fadeInLeft\" id=\"ictab-btn1-821204744\">\r\n   <div class=\"ictab-button-main-wrap \">\r\n    <a href=\"https:\/\/app.leadster.com.br\/capture\/nhN7xpHVG0c89b64\"   \r\n      class=\"ictab-btn-tag ictab_show_both ictab-external-btn-type \r\n      button-shine\" target='_blank' data-text=\"Entre em Contato\">\r\n        <span data-text='Entre em Contato'>Entre em Contato<\/span>    <\/a>\r\n   <\/div>\r\n<\/div>\r\n<style>\r\n<\/style>\r\n<\/div>   <\/div>\r\n<\/div>\r\n         <\/div>\r\n    <\/div>\r\n<style type='text\/css' media='all'>\r\n.ictab-main-container-wrap#ictab-random-724994617 .ictab-header-text-wrap h3 {  }\r\n\r\n\r\n    <\/style>\r\n<style type='text\/css' media='all'>\r\n#ictab-random-724994617 .ictab-template3 .ictab-content-wrap-section:before{\r\nbackground-color:#ddb033;\r\n}\r\n#ictab-random-724994617 .ictab-template4 .ictab-inner-wrapper .ictab-content-wrap-section{\r\nbackground:#ddb033;\r\n}\r\n\r\n#ictab-random-724994617 .ictab-template36 .ictab-double-content-wrapper .ictab-content-wrap-section .ictab-left-content-wrap{\r\n   background:#ddb033; \r\n}\r\n<\/style>\r\n<\/div>\n\n\n","protected":false},"excerpt":{"rendered":"<p>Os especialistas da Macari Travel em conjunto com a Cativa Operadora criaram uma sugest\u00e3o de roteiro para que sua viagem a Portugal seja \u00edncrivel. Descubra nesta viagem dos sonhos as Maravilhas de Portugal e encante-se com as constru\u00e7\u00f5es seculares dos castelos, pal\u00e1cios, mosteiros e monumentos, al\u00e9m de uma maravilhosa gastronomia e bons vinhos.<\/p>\n","protected":false},"author":1,"featured_media":937,"comment_status":"open","ping_status":"closed","sticky":false,"template":"","format":"standard","meta":{"sfsi_plus_gutenberg_text_before_share":"","sfsi_plus_gutenberg_show_text_before_share":"","sfsi_plus_gutenberg_icon_type":"","sfsi_plus_gutenberg_icon_alignemt":"","sfsi_plus_gutenburg_max_per_row":"","episode_type":"","audio_file":"","podmotor_file_id":"","podmotor_episode_id":"","cover_image":"","cover_image_id":"","duration":"","filesize":"","filesize_raw":"","date_recorded":"","explicit":"","block":"","itunes_episode_number":"","itunes_title":"","itunes_season_number":"","itunes_episode_type":"","jetpack_post_was_ever_published":false,"_jetpack_newsletter_access":"","_jetpack_dont_email_post_to_subs":false,"_jetpack_newsletter_tier_id":0,"_jetpack_memberships_contains_paywalled_content":false,"_jetpack_memberships_contains_paid_content":false,"footnotes":"","jetpack_publicize_message":"","jetpack_publicize_feature_enabled":true,"jetpack_social_post_already_shared":true,"jetpack_social_options":{"image_generator_settings":{"template":"highway","default_image_id":0,"font":"","enabled":false},"version":2}},"categories":[17,88,19],"tags":[15,89,14],"class_list":["post-936","post","type-post","status-publish","format-standard","has-post-thumbnail","hentry","category-europa","category-portugal","category-roteiros","tag-europa","tag-portugal","tag-roteiro"],"yoast_head":"<!-- This site is optimized with the Yoast SEO plugin v27.5 - https:\/\/yoast.com\/product\/yoast-seo-wordpress\/ -->\n<title>O que fazer em Portugal? - Macari Travel Blog<\/title>\n<meta name=\"description\" content=\"Os especialistas da Macari Travel em conjunto com a Cativa Operadora criaram uma sugest\u00e3o de roteiro para que sua viagem a Portugal seja \u00edncrivel. Descubra nesta viagem dos sonhos as Maravilhas de Portugal e encante-se com as constru\u00e7\u00f5es seculares dos castelos, pal\u00e1cios, mosteiros e monumentos, al\u00e9m de uma maravilhosa gastronomia e bons vinhos.\" \/>\n<meta name=\"robots\" content=\"index, follow, max-snippet:-1, max-image-preview:large, max-video-preview:-1\" \/>\n<link rel=\"canonical\" href=\"https:\/\/macaritravel.com\/blog\/o-que-fazer-em-portugal\/\" \/>\n<meta property=\"og:locale\" content=\"pt_BR\" \/>\n<meta property=\"og:type\" content=\"article\" \/>\n<meta property=\"og:title\" content=\"O que fazer em Portugal? - Macari Travel Blog\" \/>\n<meta property=\"og:description\" content=\"Os especialistas da Macari Travel em conjunto com a Cativa Operadora criaram uma sugest\u00e3o de roteiro para que sua viagem a Portugal seja \u00edncrivel. Descubra nesta viagem dos sonhos as Maravilhas de Portugal e encante-se com as constru\u00e7\u00f5es seculares dos castelos, pal\u00e1cios, mosteiros e monumentos, al\u00e9m de uma maravilhosa gastronomia e bons vinhos.\" \/>\n<meta property=\"og:url\" content=\"https:\/\/macaritravel.com\/blog\/o-que-fazer-em-portugal\/\" \/>\n<meta property=\"og:site_name\" content=\"Macari Travel Blog\" \/>\n<meta property=\"article:publisher\" content=\"https:\/\/www.facebook.com\/MacariTravel\" \/>\n<meta property=\"article:author\" content=\"http:\/\/facebook.com\/macaritravel\" \/>\n<meta property=\"article:published_time\" content=\"2022-10-24T11:55:09+00:00\" \/>\n<meta property=\"article:modified_time\" content=\"2022-10-26T15:32:13+00:00\" \/>\n<meta property=\"og:image\" content=\"https:\/\/macaritravel.com\/blog\/wp-content\/uploads\/2022\/10\/pexels-photo-3763903.jpeg\" \/>\n\t<meta property=\"og:image:width\" content=\"1725\" \/>\n\t<meta property=\"og:image:height\" content=\"1300\" \/>\n\t<meta property=\"og:image:type\" content=\"image\/jpeg\" \/>\n<meta name=\"author\" content=\"Macari Travel\" \/>\n<meta name=\"twitter:card\" content=\"summary_large_image\" \/>\n<meta name=\"twitter:label1\" content=\"Escrito por\" \/>\n\t<meta name=\"twitter:data1\" content=\"Macari Travel\" \/>\n\t<meta name=\"twitter:label2\" content=\"Est. tempo de leitura\" \/>\n\t<meta name=\"twitter:data2\" content=\"6 minutos\" \/>\n<script type=\"application\/ld+json\" class=\"yoast-schema-graph\">{\"@context\":\"https:\\\/\\\/schema.org\",\"@graph\":[{\"@type\":\"Article\",\"@id\":\"https:\\\/\\\/macaritravel.com\\\/blog\\\/o-que-fazer-em-portugal\\\/#article\",\"isPartOf\":{\"@id\":\"https:\\\/\\\/macaritravel.com\\\/blog\\\/o-que-fazer-em-portugal\\\/\"},\"author\":{\"name\":\"Macari Travel\",\"@id\":\"https:\\\/\\\/macaritravel.com\\\/blog\\\/#\\\/schema\\\/person\\\/e9960ec20c60bd30337fd00b82f2a928\"},\"headline\":\"O que fazer em Portugal?\",\"datePublished\":\"2022-10-24T11:55:09+00:00\",\"dateModified\":\"2022-10-26T15:32:13+00:00\",\"mainEntityOfPage\":{\"@id\":\"https:\\\/\\\/macaritravel.com\\\/blog\\\/o-que-fazer-em-portugal\\\/\"},\"wordCount\":951,\"commentCount\":2,\"publisher\":{\"@id\":\"https:\\\/\\\/macaritravel.com\\\/blog\\\/#organization\"},\"image\":{\"@id\":\"https:\\\/\\\/macaritravel.com\\\/blog\\\/o-que-fazer-em-portugal\\\/#primaryimage\"},\"thumbnailUrl\":\"https:\\\/\\\/macaritravel.com\\\/blog\\\/wp-content\\\/uploads\\\/2022\\\/10\\\/pexels-photo-3763903.jpeg\",\"keywords\":[\"Europa\",\"Portugal\",\"Roteiro\"],\"articleSection\":[\"Europa\",\"Portugal\",\"Roteiros\"],\"inLanguage\":\"pt-BR\",\"potentialAction\":[{\"@type\":\"CommentAction\",\"name\":\"Comment\",\"target\":[\"https:\\\/\\\/macaritravel.com\\\/blog\\\/o-que-fazer-em-portugal\\\/#respond\"]}]},{\"@type\":\"WebPage\",\"@id\":\"https:\\\/\\\/macaritravel.com\\\/blog\\\/o-que-fazer-em-portugal\\\/\",\"url\":\"https:\\\/\\\/macaritravel.com\\\/blog\\\/o-que-fazer-em-portugal\\\/\",\"name\":\"O que fazer em Portugal? - Macari Travel Blog\",\"isPartOf\":{\"@id\":\"https:\\\/\\\/macaritravel.com\\\/blog\\\/#website\"},\"primaryImageOfPage\":{\"@id\":\"https:\\\/\\\/macaritravel.com\\\/blog\\\/o-que-fazer-em-portugal\\\/#primaryimage\"},\"image\":{\"@id\":\"https:\\\/\\\/macaritravel.com\\\/blog\\\/o-que-fazer-em-portugal\\\/#primaryimage\"},\"thumbnailUrl\":\"https:\\\/\\\/macaritravel.com\\\/blog\\\/wp-content\\\/uploads\\\/2022\\\/10\\\/pexels-photo-3763903.jpeg\",\"datePublished\":\"2022-10-24T11:55:09+00:00\",\"dateModified\":\"2022-10-26T15:32:13+00:00\",\"description\":\"Os especialistas da Macari Travel em conjunto com a Cativa Operadora criaram uma sugest\u00e3o de roteiro para que sua viagem a Portugal seja \u00edncrivel. Descubra nesta viagem dos sonhos as Maravilhas de Portugal e encante-se com as constru\u00e7\u00f5es seculares dos castelos, pal\u00e1cios, mosteiros e monumentos, al\u00e9m de uma maravilhosa gastronomia e bons vinhos.\",\"breadcrumb\":{\"@id\":\"https:\\\/\\\/macaritravel.com\\\/blog\\\/o-que-fazer-em-portugal\\\/#breadcrumb\"},\"inLanguage\":\"pt-BR\",\"potentialAction\":[{\"@type\":\"ReadAction\",\"target\":[\"https:\\\/\\\/macaritravel.com\\\/blog\\\/o-que-fazer-em-portugal\\\/\"]}]},{\"@type\":\"ImageObject\",\"inLanguage\":\"pt-BR\",\"@id\":\"https:\\\/\\\/macaritravel.com\\\/blog\\\/o-que-fazer-em-portugal\\\/#primaryimage\",\"url\":\"https:\\\/\\\/macaritravel.com\\\/blog\\\/wp-content\\\/uploads\\\/2022\\\/10\\\/pexels-photo-3763903.jpeg\",\"contentUrl\":\"https:\\\/\\\/macaritravel.com\\\/blog\\\/wp-content\\\/uploads\\\/2022\\\/10\\\/pexels-photo-3763903.jpeg\",\"width\":1725,\"height\":1300,\"caption\":\"Photo by Nextvoyage on Pexels.com\"},{\"@type\":\"BreadcrumbList\",\"@id\":\"https:\\\/\\\/macaritravel.com\\\/blog\\\/o-que-fazer-em-portugal\\\/#breadcrumb\",\"itemListElement\":[{\"@type\":\"ListItem\",\"position\":1,\"name\":\"In\u00edcio\",\"item\":\"https:\\\/\\\/macaritravel.com\\\/blog\\\/\"},{\"@type\":\"ListItem\",\"position\":2,\"name\":\"O que fazer em Portugal?\"}]},{\"@type\":\"WebSite\",\"@id\":\"https:\\\/\\\/macaritravel.com\\\/blog\\\/#website\",\"url\":\"https:\\\/\\\/macaritravel.com\\\/blog\\\/\",\"name\":\"Blog da Macari Travel\",\"description\":\"Blog Oficial da Macari Travel\",\"publisher\":{\"@id\":\"https:\\\/\\\/macaritravel.com\\\/blog\\\/#organization\"},\"potentialAction\":[{\"@type\":\"SearchAction\",\"target\":{\"@type\":\"EntryPoint\",\"urlTemplate\":\"https:\\\/\\\/macaritravel.com\\\/blog\\\/?s={search_term_string}\"},\"query-input\":{\"@type\":\"PropertyValueSpecification\",\"valueRequired\":true,\"valueName\":\"search_term_string\"}}],\"inLanguage\":\"pt-BR\"},{\"@type\":\"Organization\",\"@id\":\"https:\\\/\\\/macaritravel.com\\\/blog\\\/#organization\",\"name\":\"Macari Travel\",\"url\":\"https:\\\/\\\/macaritravel.com\\\/blog\\\/\",\"logo\":{\"@type\":\"ImageObject\",\"inLanguage\":\"pt-BR\",\"@id\":\"https:\\\/\\\/macaritravel.com\\\/blog\\\/#\\\/schema\\\/logo\\\/image\\\/\",\"url\":\"https:\\\/\\\/macaritravel.com\\\/blog\\\/wp-content\\\/uploads\\\/2022\\\/10\\\/Logo-MT-Oficial.png\",\"contentUrl\":\"https:\\\/\\\/macaritravel.com\\\/blog\\\/wp-content\\\/uploads\\\/2022\\\/10\\\/Logo-MT-Oficial.png\",\"width\":1350,\"height\":600,\"caption\":\"Macari Travel\"},\"image\":{\"@id\":\"https:\\\/\\\/macaritravel.com\\\/blog\\\/#\\\/schema\\\/logo\\\/image\\\/\"},\"sameAs\":[\"https:\\\/\\\/www.facebook.com\\\/MacariTravel\",\"https:\\\/\\\/www.instagram.com\\\/macari_travel\\\/\"]},{\"@type\":\"Person\",\"@id\":\"https:\\\/\\\/macaritravel.com\\\/blog\\\/#\\\/schema\\\/person\\\/e9960ec20c60bd30337fd00b82f2a928\",\"name\":\"Macari Travel\",\"image\":{\"@type\":\"ImageObject\",\"inLanguage\":\"pt-BR\",\"@id\":\"https:\\\/\\\/macaritravel.com\\\/blog\\\/wp-content\\\/uploads\\\/2024\\\/04\\\/Logo-redondo-com-fundo-branco-maior-150x150.png\",\"url\":\"https:\\\/\\\/macaritravel.com\\\/blog\\\/wp-content\\\/uploads\\\/2024\\\/04\\\/Logo-redondo-com-fundo-branco-maior-150x150.png\",\"contentUrl\":\"https:\\\/\\\/macaritravel.com\\\/blog\\\/wp-content\\\/uploads\\\/2024\\\/04\\\/Logo-redondo-com-fundo-branco-maior-150x150.png\",\"caption\":\"Macari Travel\"},\"description\":\"Dispomos de consultores com uma m\u00e9dia de 20 anos de experi\u00eancia e paix\u00e3o por viagens, que ir\u00e3o trabalhar os detalhes e criar f\u00e9rias inesquec\u00edveis.\",\"sameAs\":[\"https:\\\/\\\/macaritravel.com\\\/blog\",\"http:\\\/\\\/facebook.com\\\/macaritravel\",\"http:\\\/\\\/instagram.com\\\/macari_travel\"],\"url\":\"https:\\\/\\\/macaritravel.com\\\/blog\\\/author\\\/macari\\\/\"}]}<\/script>\n<!-- \/ Yoast SEO plugin. -->","yoast_head_json":{"title":"O que fazer em Portugal? - Macari Travel Blog","description":"Os especialistas da Macari Travel em conjunto com a Cativa Operadora criaram uma sugest\u00e3o de roteiro para que sua viagem a Portugal seja \u00edncrivel. Descubra nesta viagem dos sonhos as Maravilhas de Portugal e encante-se com as constru\u00e7\u00f5es seculares dos castelos, pal\u00e1cios, mosteiros e monumentos, al\u00e9m de uma maravilhosa gastronomia e bons vinhos.","robots":{"index":"index","follow":"follow","max-snippet":"max-snippet:-1","max-image-preview":"max-image-preview:large","max-video-preview":"max-video-preview:-1"},"canonical":"https:\/\/macaritravel.com\/blog\/o-que-fazer-em-portugal\/","og_locale":"pt_BR","og_type":"article","og_title":"O que fazer em Portugal? - Macari Travel Blog","og_description":"Os especialistas da Macari Travel em conjunto com a Cativa Operadora criaram uma sugest\u00e3o de roteiro para que sua viagem a Portugal seja \u00edncrivel. Descubra nesta viagem dos sonhos as Maravilhas de Portugal e encante-se com as constru\u00e7\u00f5es seculares dos castelos, pal\u00e1cios, mosteiros e monumentos, al\u00e9m de uma maravilhosa gastronomia e bons vinhos.","og_url":"https:\/\/macaritravel.com\/blog\/o-que-fazer-em-portugal\/","og_site_name":"Macari Travel Blog","article_publisher":"https:\/\/www.facebook.com\/MacariTravel","article_author":"http:\/\/facebook.com\/macaritravel","article_published_time":"2022-10-24T11:55:09+00:00","article_modified_time":"2022-10-26T15:32:13+00:00","og_image":[{"width":1725,"height":1300,"url":"https:\/\/macaritravel.com\/blog\/wp-content\/uploads\/2022\/10\/pexels-photo-3763903.jpeg","type":"image\/jpeg"}],"author":"Macari Travel","twitter_card":"summary_large_image","twitter_misc":{"Escrito por":"Macari Travel","Est. tempo de leitura":"6 minutos"},"schema":{"@context":"https:\/\/schema.org","@graph":[{"@type":"Article","@id":"https:\/\/macaritravel.com\/blog\/o-que-fazer-em-portugal\/#article","isPartOf":{"@id":"https:\/\/macaritravel.com\/blog\/o-que-fazer-em-portugal\/"},"author":{"name":"Macari Travel","@id":"https:\/\/macaritravel.com\/blog\/#\/schema\/person\/e9960ec20c60bd30337fd00b82f2a928"},"headline":"O que fazer em Portugal?","datePublished":"2022-10-24T11:55:09+00:00","dateModified":"2022-10-26T15:32:13+00:00","mainEntityOfPage":{"@id":"https:\/\/macaritravel.com\/blog\/o-que-fazer-em-portugal\/"},"wordCount":951,"commentCount":2,"publisher":{"@id":"https:\/\/macaritravel.com\/blog\/#organization"},"image":{"@id":"https:\/\/macaritravel.com\/blog\/o-que-fazer-em-portugal\/#primaryimage"},"thumbnailUrl":"https:\/\/macaritravel.com\/blog\/wp-content\/uploads\/2022\/10\/pexels-photo-3763903.jpeg","keywords":["Europa","Portugal","Roteiro"],"articleSection":["Europa","Portugal","Roteiros"],"inLanguage":"pt-BR","potentialAction":[{"@type":"CommentAction","name":"Comment","target":["https:\/\/macaritravel.com\/blog\/o-que-fazer-em-portugal\/#respond"]}]},{"@type":"WebPage","@id":"https:\/\/macaritravel.com\/blog\/o-que-fazer-em-portugal\/","url":"https:\/\/macaritravel.com\/blog\/o-que-fazer-em-portugal\/","name":"O que fazer em Portugal? - Macari Travel Blog","isPartOf":{"@id":"https:\/\/macaritravel.com\/blog\/#website"},"primaryImageOfPage":{"@id":"https:\/\/macaritravel.com\/blog\/o-que-fazer-em-portugal\/#primaryimage"},"image":{"@id":"https:\/\/macaritravel.com\/blog\/o-que-fazer-em-portugal\/#primaryimage"},"thumbnailUrl":"https:\/\/macaritravel.com\/blog\/wp-content\/uploads\/2022\/10\/pexels-photo-3763903.jpeg","datePublished":"2022-10-24T11:55:09+00:00","dateModified":"2022-10-26T15:32:13+00:00","description":"Os especialistas da Macari Travel em conjunto com a Cativa Operadora criaram uma sugest\u00e3o de roteiro para que sua viagem a Portugal seja \u00edncrivel. Descubra nesta viagem dos sonhos as Maravilhas de Portugal e encante-se com as constru\u00e7\u00f5es seculares dos castelos, pal\u00e1cios, mosteiros e monumentos, al\u00e9m de uma maravilhosa gastronomia e bons vinhos.","breadcrumb":{"@id":"https:\/\/macaritravel.com\/blog\/o-que-fazer-em-portugal\/#breadcrumb"},"inLanguage":"pt-BR","potentialAction":[{"@type":"ReadAction","target":["https:\/\/macaritravel.com\/blog\/o-que-fazer-em-portugal\/"]}]},{"@type":"ImageObject","inLanguage":"pt-BR","@id":"https:\/\/macaritravel.com\/blog\/o-que-fazer-em-portugal\/#primaryimage","url":"https:\/\/macaritravel.com\/blog\/wp-content\/uploads\/2022\/10\/pexels-photo-3763903.jpeg","contentUrl":"https:\/\/macaritravel.com\/blog\/wp-content\/uploads\/2022\/10\/pexels-photo-3763903.jpeg","width":1725,"height":1300,"caption":"Photo by Nextvoyage on Pexels.com"},{"@type":"BreadcrumbList","@id":"https:\/\/macaritravel.com\/blog\/o-que-fazer-em-portugal\/#breadcrumb","itemListElement":[{"@type":"ListItem","position":1,"name":"In\u00edcio","item":"https:\/\/macaritravel.com\/blog\/"},{"@type":"ListItem","position":2,"name":"O que fazer em Portugal?"}]},{"@type":"WebSite","@id":"https:\/\/macaritravel.com\/blog\/#website","url":"https:\/\/macaritravel.com\/blog\/","name":"Blog da Macari Travel","description":"Blog Oficial da Macari Travel","publisher":{"@id":"https:\/\/macaritravel.com\/blog\/#organization"},"potentialAction":[{"@type":"SearchAction","target":{"@type":"EntryPoint","urlTemplate":"https:\/\/macaritravel.com\/blog\/?s={search_term_string}"},"query-input":{"@type":"PropertyValueSpecification","valueRequired":true,"valueName":"search_term_string"}}],"inLanguage":"pt-BR"},{"@type":"Organization","@id":"https:\/\/macaritravel.com\/blog\/#organization","name":"Macari Travel","url":"https:\/\/macaritravel.com\/blog\/","logo":{"@type":"ImageObject","inLanguage":"pt-BR","@id":"https:\/\/macaritravel.com\/blog\/#\/schema\/logo\/image\/","url":"https:\/\/macaritravel.com\/blog\/wp-content\/uploads\/2022\/10\/Logo-MT-Oficial.png","contentUrl":"https:\/\/macaritravel.com\/blog\/wp-content\/uploads\/2022\/10\/Logo-MT-Oficial.png","width":1350,"height":600,"caption":"Macari Travel"},"image":{"@id":"https:\/\/macaritravel.com\/blog\/#\/schema\/logo\/image\/"},"sameAs":["https:\/\/www.facebook.com\/MacariTravel","https:\/\/www.instagram.com\/macari_travel\/"]},{"@type":"Person","@id":"https:\/\/macaritravel.com\/blog\/#\/schema\/person\/e9960ec20c60bd30337fd00b82f2a928","name":"Macari Travel","image":{"@type":"ImageObject","inLanguage":"pt-BR","@id":"https:\/\/macaritravel.com\/blog\/wp-content\/uploads\/2024\/04\/Logo-redondo-com-fundo-branco-maior-150x150.png","url":"https:\/\/macaritravel.com\/blog\/wp-content\/uploads\/2024\/04\/Logo-redondo-com-fundo-branco-maior-150x150.png","contentUrl":"https:\/\/macaritravel.com\/blog\/wp-content\/uploads\/2024\/04\/Logo-redondo-com-fundo-branco-maior-150x150.png","caption":"Macari Travel"},"description":"Dispomos de consultores com uma m\u00e9dia de 20 anos de experi\u00eancia e paix\u00e3o por viagens, que ir\u00e3o trabalhar os detalhes e criar f\u00e9rias inesquec\u00edveis.","sameAs":["https:\/\/macaritravel.com\/blog","http:\/\/facebook.com\/macaritravel","http:\/\/instagram.com\/macari_travel"],"url":"https:\/\/macaritravel.com\/blog\/author\/macari\/"}]}},"jetpack_publicize_connections":[],"jetpack_featured_media_url":"https:\/\/macaritravel.com\/blog\/wp-content\/uploads\/2022\/10\/pexels-photo-3763903.jpeg","jetpack_sharing_enabled":true,"_links":{"self":[{"href":"https:\/\/macaritravel.com\/blog\/wp-json\/wp\/v2\/posts\/936","targetHints":{"allow":["GET"]}}],"collection":[{"href":"https:\/\/macaritravel.com\/blog\/wp-json\/wp\/v2\/posts"}],"about":[{"href":"https:\/\/macaritravel.com\/blog\/wp-json\/wp\/v2\/types\/post"}],"author":[{"embeddable":true,"href":"https:\/\/macaritravel.com\/blog\/wp-json\/wp\/v2\/users\/1"}],"replies":[{"embeddable":true,"href":"https:\/\/macaritravel.com\/blog\/wp-json\/wp\/v2\/comments?post=936"}],"version-history":[{"count":0,"href":"https:\/\/macaritravel.com\/blog\/wp-json\/wp\/v2\/posts\/936\/revisions"}],"wp:featuredmedia":[{"embeddable":true,"href":"https:\/\/macaritravel.com\/blog\/wp-json\/wp\/v2\/media\/937"}],"wp:attachment":[{"href":"https:\/\/macaritravel.com\/blog\/wp-json\/wp\/v2\/media?parent=936"}],"wp:term":[{"taxonomy":"category","embeddable":true,"href":"https:\/\/macaritravel.com\/blog\/wp-json\/wp\/v2\/categories?post=936"},{"taxonomy":"post_tag","embeddable":true,"href":"https:\/\/macaritravel.com\/blog\/wp-json\/wp\/v2\/tags?post=936"}],"curies":[{"name":"wp","href":"https:\/\/api.w.org\/{rel}","templated":true}]}}